{"id":16191,"date":"2022-07-04T09:47:10","date_gmt":"2022-07-04T12:47:10","guid":{"rendered":"https:\/\/chacosintesis.com.ar\/?p=16191"},"modified":"2022-07-04T10:07:24","modified_gmt":"2022-07-04T13:07:24","slug":"lifton-visito-un-campo-de-algodon-y-resalto-el-rol-de-los-pequenos-productores-chaquenos","status":"publish","type":"post","link":"https:\/\/chacosintesis.com.ar\/index.php\/lifton-visito-un-campo-de-algodon-y-resalto-el-rol-de-los-pequenos-productores-chaquenos\/","title":{"rendered":"Lifton visit\u00f3 un campo de algod\u00f3n y resalt\u00f3 el rol de los peque\u00f1os productores chaque\u00f1os"},"content":{"rendered":"<p>El ministro de Producci\u00f3n, Industria y Empleo, Sebasti\u00e1n Lifton, destac\u00f3 este domingo el rol de los peque\u00f1os productores chaque\u00f1os tras visitar un campo de algod\u00f3n, cultivo emblema de la provincia.<br \/>\n\u201cSomos nuevamente el distrito del pa\u00eds con mayor superficie algodonera, con m\u00e1s de 200 mil hect\u00e1reas y la que mayor capacidad instalada y de desmote tiene\u201d, resalt\u00f3 el funcionario.<br \/>\nLifton visit\u00f3 en la zona rural de Las Bre\u00f1as el establecimiento de Diego Drganc, uno de los m\u00e1s de 800 peque\u00f1os productores chaque\u00f1os del sector a los cuales el gobierno asiste con la entrega de semillas y combustible en la actual campa\u00f1a.<br \/>\n\u201cEl algod\u00f3n es el cultivo por excelencia en nuestra provincia en virtud del impacto que tiene en toda la cadena de valor\u201d, enfatiz\u00f3.<br \/>\nEl ministro hizo foco en el liderazgo del Chaco a nivel nacional lo que se suma a la integraci\u00f3n de la cadena productiva con el proceso de hilado y fabricaci\u00f3n de tela denim, todo a nivel local.<br \/>\n\u201cTodo esto permiti\u00f3 ir consolidando en el \u00faltimo a\u00f1o una incipiente industria de la confecci\u00f3n, la que contin\u00faa ampli\u00e1ndose mes a mes\u201d, dijo, acompa\u00f1ado por la subsecretaria de Agricultura, Flavia Francescutti.<br \/>\nLifton tambi\u00e9n subray\u00f3 que en los \u00faltimos dos a\u00f1os, desde la cartera que conduce se vienen acompa\u00f1ando inversiones importantes en materia de modernizaci\u00f3n y puesta en marcha de desmotadoras; reapertura de hilander\u00edas cerradas a\u00f1os atr\u00e1s; ampliaci\u00f3n de hilander\u00edas; e incremento de la producci\u00f3n de telas.<br \/>\n\u201cEsos avances se dan a partir de tres factores sustanciales: pol\u00edticas p\u00fablicas nacionales de sustituci\u00f3n de importaciones con protecci\u00f3n de la industria local; incremento de superficie sembrada con avances en calidad de fibra; y un r\u00e9gimen de promoci\u00f3n industrial con incentivos fiscales y de financiamiento\u201d, describi\u00f3 el ministro.<br \/>\nTras la recorrida por el campo de Drganc, Lifton mencion\u00f3 que se trata de uno de los m\u00e1s de 800 peque\u00f1os productores que son parte del esquema de asistencia que impulsa el gobierno y que se traduce en el programa Semilleros y la distribuci\u00f3n de combustible.<br \/>\n\u201cEn un lote de 100 hect\u00e1reas que produce por tercios, soja, ma\u00edz y algod\u00f3n respetando un estricto esquema de rotaci\u00f3n\u201d, detall\u00f3.<br \/>\n\u201cSe trata de una familia que hace m\u00e1s de 100 a\u00f1os produce algod\u00f3n y a\u00fan contin\u00faa con muy buenos rindes en torno a los 3 mil kilogramos por hect\u00e1rea y un rendimiento en fibra del 41%\u201d, remarc\u00f3.<br \/>\nDrganc, en tanto, valor\u00f3 el acompa\u00f1amiento del gobierno y dijo que es clave para la campa\u00f1a y mejorar los rendimientos y la producci\u00f3n algodonera en el Chaco.<br \/>\n\u201cAqu\u00ed desde 1921 realizamos algod\u00f3n cuando lo inici\u00f3 mi abuelo, lo continu\u00f3 mi padre y ahora me toca a m\u00ed continuarlo, en los \u00faltimos a\u00f1os diversificando la producci\u00f3n\u201d, coment\u00f3 el productor de la zona de Las Bre\u00f1as.<br \/>\n\u201cEn la campa\u00f1a 2021\/22 sembramos soja, ma\u00edz y algod\u00f3n. La soja ya fue cosechada y ahora estamos a la espera de que mejoren las condiciones clim\u00e1ticas para hacer lo propio con el algod\u00f3n y ma\u00edz\u201d, finaliz\u00f3.<\/p>\n","protected":false},"excerpt":{"rendered":"<p>El ministro de Producci\u00f3n, Industria y Empleo, Sebasti\u00e1n Lifton, destac\u00f3 este domingo el rol de los peque\u00f1os productores chaque\u00f1os tras visitar un campo de algod\u00f3n, cultivo emblema de la provincia. \u201cSomos nuevamente el distrito del pa\u00eds con mayor superficie algodonera, con m\u00e1s de 200 mil hect\u00e1reas y la que mayor capacidad instalada y de desmote [&hellip;]<\/p>\n","protected":false},"author":1,"featured_media":16192,"comment_status":"closed","ping_status":"closed","sticky":false,"template":"","format":"standard","meta":{"footnotes":""},"categories":[6],"tags":[],"class_list":{"0":"post-16191","1":"post","2":"type-post","3":"status-publish","4":"format-standard","5":"has-post-thumbnail","7":"category-chaco"},"_links":{"self":[{"href":"https:\/\/chacosintesis.com.ar\/index.php\/wp-json\/wp\/v2\/posts\/16191","targetHints":{"allow":["GET"]}}],"collection":[{"href":"https:\/\/chacosintesis.com.ar\/index.php\/wp-json\/wp\/v2\/posts"}],"about":[{"href":"https:\/\/chacosintesis.com.ar\/index.php\/wp-json\/wp\/v2\/types\/post"}],"author":[{"embeddable":true,"href":"https:\/\/chacosintesis.com.ar\/index.php\/wp-json\/wp\/v2\/users\/1"}],"replies":[{"embeddable":true,"href":"https:\/\/chacosintesis.com.ar\/index.php\/wp-json\/wp\/v2\/comments?post=16191"}],"version-history":[{"count":0,"href":"https:\/\/chacosintesis.com.ar\/index.php\/wp-json\/wp\/v2\/posts\/16191\/revisions"}],"wp:featuredmedia":[{"embeddable":true,"href":"https:\/\/chacosintesis.com.ar\/index.php\/wp-json\/wp\/v2\/media\/16192"}],"wp:attachment":[{"href":"https:\/\/chacosintesis.com.ar\/index.php\/wp-json\/wp\/v2\/media?parent=16191"}],"wp:term":[{"taxonomy":"category","embeddable":true,"href":"https:\/\/chacosintesis.com.ar\/index.php\/wp-json\/wp\/v2\/categories?post=16191"},{"taxonomy":"post_tag","embeddable":true,"href":"https:\/\/chacosintesis.com.ar\/index.php\/wp-json\/wp\/v2\/tags?post=16191"}],"curies":[{"name":"wp","href":"https:\/\/api.w.org\/{rel}","templated":true}]}}