{"id":16182,"date":"2022-07-03T20:22:26","date_gmt":"2022-07-03T23:22:26","guid":{"rendered":"https:\/\/chacosintesis.com.ar\/?p=16182"},"modified":"2022-07-03T20:36:57","modified_gmt":"2022-07-03T23:36:57","slug":"expectativa-por-la-negociacion-entre-fernandez-y-massa","status":"publish","type":"post","link":"https:\/\/chacosintesis.com.ar\/index.php\/expectativa-por-la-negociacion-entre-fernandez-y-massa\/","title":{"rendered":"Expectativa por la negociaci\u00f3n entre Fern\u00e1ndez y Massa"},"content":{"rendered":"<p>Se hab\u00edan reunido este domingo a la ma\u00f1ana para analizar cambios en el gabinete tras la renuncia de Guzm\u00e1n. Pasado el mediod\u00eda, el titular de la C\u00e1mara de Diputados deliber\u00f3 con su tropa en Tigre y, a la tarde, volvi\u00f3 a Olivos.<\/p>\n<p>Luego de encerrarse varias horas con su c\u00edrculo m\u00e1s \u00edntimo de colaboradores en Tigre, el titular de la C\u00e1mara de Diputados, Sergio Massa, quien hab\u00eda recibido una propuesta de parte de Alberto Fern\u00e1ndez, volvi\u00f3 este domingo a la tarde a la residencia oficial de Olvios para darle una respuesta al Presidente, mientras se aguardan definiciones inminentes.<br \/>\n Massa hab\u00eda sido el primero en llegar a la quinta de Olivos, antes de las 11 de la ma\u00f1ana, para conversar a solas con el jefe de Estado las opciones para cubrir la vacante que dej\u00f3 la renuncia intempestiva de Mart\u00edn Guzm\u00e1n al frente del Ministerio de Econom\u00eda.<br \/>\nFueron tres horas de charla, a las que luego se sumaron el canciller Santiago Cafiero, la portavoz presidencial Gabriel Cerruti, el secretario general de la Presidencia, Julio Vitobello, y el secretario de Asuntos Estrat\u00e9gicos de Presidencia de la Naci\u00f3n, Gustavo B\u00e9liz.<br \/>\nEl titular de Diputados hab\u00eda hablado por la ma\u00f1ana telef\u00f3nicamente con Cristina Kirchner y, luego, se hizo presente en Olivos para consensuar el nombre del reemplazante de Guzm\u00e1n con el aval de la vicepresidenta, quien cort\u00f3 el di\u00e1logo con Alberto Fern\u00e1ndez.<br \/>\nAdem\u00e1s de definir el sustituto de Guzm\u00e1n, hay versiones de que podr\u00eda haber una reestructuraci\u00f3n m\u00e1s amplia del gabinete.<br \/>\nM\u00e1s all\u00e1 del nombre del sucesor de Guzm\u00e1n, se descuenta que, en el nuevo organigrama del Gobierno, Massa tendr\u00e1 un rol m\u00e1s protag\u00f3nico en la toma de decisiones.<br \/>\nPor la ma\u00f1ana, el mandatario evaluaba con su equipo de mayor confianza los criterios y nombres que se adoptar\u00e1n para la etapa que se inicia en el Ejecutivo, en una reuni\u00f3n que comenz\u00f3 con algunos funcionarios presentes en la quinta y la participaci\u00f3n de otros v\u00eda telef\u00f3nica, mientras se esperaba la llegada de otros miembros del gabinete a medida que avanza el d\u00eda.<br \/>\nEste domingo por la ma\u00f1ana, el mandatario encabez\u00f3 un desayuno de trabajo con su equipo en la Quinta de Olivos.<br \/>\n Fern\u00e1ndez le comunic\u00f3 a su entorno m\u00e1s cercano que &#8220;el programa econ\u00f3mico se va a mantener&#8221;, pero a\u00fan est\u00e1 &#8220;analizando las decisiones que vienen&#8221;, motivo por el que el nombre de qui\u00e9n reemplazar\u00e1 a Guzm\u00e1n se conocer\u00eda este domingo.<br \/>\n De acuerdo con fuentes con acceso directo al despacho presidencial, el jefe de Estado se enter\u00f3 de la renuncia de Guzm\u00e1n en horas del mediod\u00eda, cuando el entonces funcionario nacional lo llam\u00f3 por tel\u00e9fono para transmitirle su decisi\u00f3n.<br \/>\nEn ese momento, Fern\u00e1ndez se encontraba en un almuerzo familiar junto a su pareja, Fabiola Ya\u00f1ez, cuando el llamado lo sorprendi\u00f3 con una noticia que &#8220;lamenta profundamente&#8221;, a pesar de que &#8220;respeta la decisi\u00f3n que tom\u00f3 Mart\u00edn&#8221;.<br \/>\nLo cierto es que la carta de renuncia se hizo p\u00fablica minutos antes de las 18 del s\u00e1bado, sorprendiendo incluso a integrantes del gabinete, justo al mismo tiempo en que la vicepresidenta Cristina Kirchner brindaba un duro mensaje sobre la situaci\u00f3n econ\u00f3mica de la Argentina desde la localidad bonaerense de Ensenada.<br \/>\n Fuentes cercanas a la ex mandataria afirmaron a NA que se enter\u00f3 de la renuncia de Guzm\u00e1n luego de que termin\u00f3 su discurso, precisamente en el momento en que se trasladaba desde el sal\u00f3n principal del Polideportivo Municipal de Ensenada hacia la calle para saludar a los militantes de las distintas agrupaciones.<br \/>\nEn tanto, el tercer socio del Frente de Todos y presidente de la C\u00e1mara de Diputados, Sergio Massa, se encontraba en la cancha viendo el partido de Tigre.<br \/>\n&#8220;No ten\u00eda se\u00f1al y, cuando sali\u00f3, se enter\u00f3&#8221;, puntualizaron desde el entorno del tigrense, quien sonaba como uno de los posibles ingresos en el gabinete nacional, ante la posibilidad de que el jefe de Estado decida realizar un redise\u00f1o de la estructura del Poder Ejecutivo.<br \/>\nDesde el entorno de Guzm\u00e1n, no brindaron detalles puntuales respecto de su decisi\u00f3n, pero deslizaron la molestia del ministro saliente respecto de la falta de acuerdos pol\u00edticos dentro de la coalici\u00f3n oficialista.<br \/>\n CADENA 3.-<\/p>\n","protected":false},"excerpt":{"rendered":"<p>Se hab\u00edan reunido este domingo a la ma\u00f1ana para analizar cambios en el gabinete tras la renuncia de Guzm\u00e1n. Pasado el mediod\u00eda, el titular de la C\u00e1mara de Diputados deliber\u00f3 con su tropa en Tigre y, a la tarde, volvi\u00f3 a Olivos. Luego de encerrarse varias horas con su c\u00edrculo m\u00e1s \u00edntimo de colaboradores en [&hellip;]<\/p>\n","protected":false},"author":1,"featured_media":16183,"comment_status":"closed","ping_status":"closed","sticky":false,"template":"","format":"standard","meta":{"footnotes":""},"categories":[6],"tags":[],"class_list":{"0":"post-16182","1":"post","2":"type-post","3":"status-publish","4":"format-standard","5":"has-post-thumbnail","7":"category-chaco"},"_links":{"self":[{"href":"https:\/\/chacosintesis.com.ar\/index.php\/wp-json\/wp\/v2\/posts\/16182","targetHints":{"allow":["GET"]}}],"collection":[{"href":"https:\/\/chacosintesis.com.ar\/index.php\/wp-json\/wp\/v2\/posts"}],"about":[{"href":"https:\/\/chacosintesis.com.ar\/index.php\/wp-json\/wp\/v2\/types\/post"}],"author":[{"embeddable":true,"href":"https:\/\/chacosintesis.com.ar\/index.php\/wp-json\/wp\/v2\/users\/1"}],"replies":[{"embeddable":true,"href":"https:\/\/chacosintesis.com.ar\/index.php\/wp-json\/wp\/v2\/comments?post=16182"}],"version-history":[{"count":0,"href":"https:\/\/chacosintesis.com.ar\/index.php\/wp-json\/wp\/v2\/posts\/16182\/revisions"}],"wp:featuredmedia":[{"embeddable":true,"href":"https:\/\/chacosintesis.com.ar\/index.php\/wp-json\/wp\/v2\/media\/16183"}],"wp:attachment":[{"href":"https:\/\/chacosintesis.com.ar\/index.php\/wp-json\/wp\/v2\/media?parent=16182"}],"wp:term":[{"taxonomy":"category","embeddable":true,"href":"https:\/\/chacosintesis.com.ar\/index.php\/wp-json\/wp\/v2\/categories?post=16182"},{"taxonomy":"post_tag","embeddable":true,"href":"https:\/\/chacosintesis.com.ar\/index.php\/wp-json\/wp\/v2\/tags?post=16182"}],"curies":[{"name":"wp","href":"https:\/\/api.w.org\/{rel}","templated":true}]}}