{"id":16176,"date":"2022-07-02T18:46:25","date_gmt":"2022-07-02T21:46:25","guid":{"rendered":"https:\/\/chacosintesis.com.ar\/?p=16176"},"modified":"2022-07-02T19:06:52","modified_gmt":"2022-07-02T22:06:52","slug":"martin-guzman-renuncio-al-cargo-de-ministro-de-economia","status":"publish","type":"post","link":"https:\/\/chacosintesis.com.ar\/index.php\/martin-guzman-renuncio-al-cargo-de-ministro-de-economia\/","title":{"rendered":"Mart\u00edn Guzm\u00e1n renunci\u00f3 al cargo de ministro de Econom\u00eda"},"content":{"rendered":"<p>Mart\u00edn Guzm\u00e1n renunci\u00f3 hoy a su cargo como ministro de Econom\u00eda, seg\u00fan un comunicado publicado esta tarde en su cuenta de la red social Twitter.<br \/>\n&#8220;Con la profunda convicci\u00f3n y la confianza en mi visi\u00f3n sobre cu\u00e1l es el camino que debe seguir la Argentina, seguir\u00e9 trabajando y actuando por una Patria m\u00e1s justa, libre y soberana&#8221;, afirm\u00f3 Guzm\u00e1n.<br \/>\nEn su carta al Presidente, el ahora exfuncionario le agradeci\u00f3 su confianza y consider\u00f3 &#8220;un verdadero honor acompa\u00f1arlo en la tarea de poner a nuestro pa\u00eds de pie&#8221;.<br \/>\n&#8220;Juntos hemos dado pasos para que la econom\u00eda de nuestro pa\u00eds se recupere y crezca. La hora necesita que quien Usted disponga tome las riendas del Ministerio que hasta hoy tuve el honor de conducir&#8221;, afirm\u00f3, luego de realizar un extenso an\u00e1lisis de su gesti\u00f3n al frente de la cartera.<br \/>\nPara Guzm\u00e1n, &#8220;ser\u00e1 primordial que trabaje en un acuerdo pol\u00edtico dentro de la coalici\u00f3n gobernante para que quien me reemplace, que tendr\u00e1 por delante esta alta responsabilidad, cuente con el manejo centralizado de los instrumentos de pol\u00edtica macroecon\u00f3mica necesarios para consolidar los avances descriptos y hacer frente a los desaf\u00edos por delante&#8221;.<br \/>\n&#8220;Eso ayudar\u00e1 a que quien me suceda pueda llevar adelante las gestiones conducentes al progreso econ\u00f3mico y social con el apoyo pol\u00edtico que es necesario para que aquellas sean efectivas&#8221;, complet\u00f3.<\/p>\n","protected":false},"excerpt":{"rendered":"<p>Mart\u00edn Guzm\u00e1n renunci\u00f3 hoy a su cargo como ministro de Econom\u00eda, seg\u00fan un comunicado publicado esta tarde en su cuenta de la red social Twitter. &#8220;Con la profunda convicci\u00f3n y la confianza en mi visi\u00f3n sobre cu\u00e1l es el camino que debe seguir la Argentina, seguir\u00e9 trabajando y actuando por una Patria m\u00e1s justa, libre [&hellip;]<\/p>\n","protected":false},"author":1,"featured_media":16177,"comment_status":"closed","ping_status":"closed","sticky":false,"template":"","format":"standard","meta":{"footnotes":""},"categories":[6],"tags":[197],"class_list":{"0":"post-16176","1":"post","2":"type-post","3":"status-publish","4":"format-standard","5":"has-post-thumbnail","7":"category-chaco","8":"tag-destacada"},"_links":{"self":[{"href":"https:\/\/chacosintesis.com.ar\/index.php\/wp-json\/wp\/v2\/posts\/16176","targetHints":{"allow":["GET"]}}],"collection":[{"href":"https:\/\/chacosintesis.com.ar\/index.php\/wp-json\/wp\/v2\/posts"}],"about":[{"href":"https:\/\/chacosintesis.com.ar\/index.php\/wp-json\/wp\/v2\/types\/post"}],"author":[{"embeddable":true,"href":"https:\/\/chacosintesis.com.ar\/index.php\/wp-json\/wp\/v2\/users\/1"}],"replies":[{"embeddable":true,"href":"https:\/\/chacosintesis.com.ar\/index.php\/wp-json\/wp\/v2\/comments?post=16176"}],"version-history":[{"count":0,"href":"https:\/\/chacosintesis.com.ar\/index.php\/wp-json\/wp\/v2\/posts\/16176\/revisions"}],"wp:featuredmedia":[{"embeddable":true,"href":"https:\/\/chacosintesis.com.ar\/index.php\/wp-json\/wp\/v2\/media\/16177"}],"wp:attachment":[{"href":"https:\/\/chacosintesis.com.ar\/index.php\/wp-json\/wp\/v2\/media?parent=16176"}],"wp:term":[{"taxonomy":"category","embeddable":true,"href":"https:\/\/chacosintesis.com.ar\/index.php\/wp-json\/wp\/v2\/categories?post=16176"},{"taxonomy":"post_tag","embeddable":true,"href":"https:\/\/chacosintesis.com.ar\/index.php\/wp-json\/wp\/v2\/tags?post=16176"}],"curies":[{"name":"wp","href":"https:\/\/api.w.org\/{rel}","templated":true}]}}