{"id":16170,"date":"2022-07-02T09:18:33","date_gmt":"2022-07-02T12:18:33","guid":{"rendered":"https:\/\/chacosintesis.com.ar\/?p=16170"},"modified":"2022-07-02T09:37:27","modified_gmt":"2022-07-02T12:37:27","slug":"pampa-del-indio-productores-desalojaron-a-militantes-que-usurparon-un-campo","status":"publish","type":"post","link":"https:\/\/chacosintesis.com.ar\/index.php\/pampa-del-indio-productores-desalojaron-a-militantes-que-usurparon-un-campo\/","title":{"rendered":"Pampa del Indio: Productores desalojaron a militantes que usurparon un campo"},"content":{"rendered":"<p>El hecho ocurri\u00f3 en Pampa del Indio, una peque\u00f1a localidad del departamento chaque\u00f1o de San Mart\u00edn. Los vecinos le apuntaron al Polo Obrero por la situaci\u00f3n.<br \/>\nAlrededor de 40 integrantes del Polo Obrero usurparon un campo y los productores del lugar tuvieron que ser los encargados de organizarse e intentar desalojarlos, al tiempo que denunciaron la falta de acci\u00f3n por parte de la Polic\u00eda y la Justicia. Todo ocurri\u00f3 al norte de la provincia de Chaco.<br \/>\nEl jueves por la madrugada militantes de dicha agrupaci\u00f3n obrera ingresaron a un predio de dos hect\u00e1reas con machetes y palos para intentar tomarlo. Los violentos episodios tuvieron lugar en Pampa del Indio, una peque\u00f1a localidad del departamento chaque\u00f1o de General San Mart\u00edn.<br \/>\nEl productor Gabriel Braunschweig habl\u00f3 con Cadena 3 y describi\u00f3 en el programa Informados c\u00f3mo fue la dif\u00edcil situaci\u00f3n que les toc\u00f3 atravesar.<br \/>\nUn grupo de piqueteros usurparon una propiedad privada de un socio de la cooperativa Pampa del Indio<br \/>\nNo hubo forma de sacarlos por medio de la Justicia<br \/>\nProductores y vecinos decidieron tomar medidas a la fuerza para sacarlos del predio<br \/>\nEl viernes fue un d\u00eda muy caliente en el pueblo porque estas organizaciones tienen varios l\u00edderes que convocan a tomar los campos, toman rutas y provocan disturbios<br \/>\nLos piqueteros ten\u00edan machetes y palos<br \/>\nEstuvimos cuidando durante la noche los campos y ellos invadieron la propiedad privada<br \/>\nLa polic\u00eda no pod\u00eda hacer nada porque los obligan por ley a estar desarmados<br \/>\nVe\u00edamos con nuestros ojos c\u00f3mo ellos marcaban con cinta y papel sus lotes<br \/>\nSe intent\u00f3 romper lo que ellos hicieron con un tractor y los piqueteros comenzaron a prender fuego el campo e intentaron hacer lo mismo con el tractor<br \/>\nLos piqueteros ped\u00edan hablar con el intendente y \u00e9l se lav\u00f3 las manos<br \/>\nEl fiscal de la causa dijo que los piqueteros \u2018tambi\u00e9n tienen derechos\u2019<br \/>\nLa gobernaci\u00f3n de Chaco y dem\u00e1s autoridades no nos escucharon<br \/>\nUtilizan la frase \u2018pueblos originarios\u2019 y estos piqueteros nada tienen que ver con eso<br \/>\nEntrevista de Informados.<br \/>\nCadena3.-<\/p>\n","protected":false},"excerpt":{"rendered":"<p>El hecho ocurri\u00f3 en Pampa del Indio, una peque\u00f1a localidad del departamento chaque\u00f1o de San Mart\u00edn. Los vecinos le apuntaron al Polo Obrero por la situaci\u00f3n. Alrededor de 40 integrantes del Polo Obrero usurparon un campo y los productores del lugar tuvieron que ser los encargados de organizarse e intentar desalojarlos, al tiempo que denunciaron [&hellip;]<\/p>\n","protected":false},"author":1,"featured_media":16171,"comment_status":"closed","ping_status":"closed","sticky":false,"template":"","format":"standard","meta":{"footnotes":""},"categories":[6],"tags":[197],"class_list":{"0":"post-16170","1":"post","2":"type-post","3":"status-publish","4":"format-standard","5":"has-post-thumbnail","7":"category-chaco","8":"tag-destacada"},"_links":{"self":[{"href":"https:\/\/chacosintesis.com.ar\/index.php\/wp-json\/wp\/v2\/posts\/16170","targetHints":{"allow":["GET"]}}],"collection":[{"href":"https:\/\/chacosintesis.com.ar\/index.php\/wp-json\/wp\/v2\/posts"}],"about":[{"href":"https:\/\/chacosintesis.com.ar\/index.php\/wp-json\/wp\/v2\/types\/post"}],"author":[{"embeddable":true,"href":"https:\/\/chacosintesis.com.ar\/index.php\/wp-json\/wp\/v2\/users\/1"}],"replies":[{"embeddable":true,"href":"https:\/\/chacosintesis.com.ar\/index.php\/wp-json\/wp\/v2\/comments?post=16170"}],"version-history":[{"count":0,"href":"https:\/\/chacosintesis.com.ar\/index.php\/wp-json\/wp\/v2\/posts\/16170\/revisions"}],"wp:featuredmedia":[{"embeddable":true,"href":"https:\/\/chacosintesis.com.ar\/index.php\/wp-json\/wp\/v2\/media\/16171"}],"wp:attachment":[{"href":"https:\/\/chacosintesis.com.ar\/index.php\/wp-json\/wp\/v2\/media?parent=16170"}],"wp:term":[{"taxonomy":"category","embeddable":true,"href":"https:\/\/chacosintesis.com.ar\/index.php\/wp-json\/wp\/v2\/categories?post=16170"},{"taxonomy":"post_tag","embeddable":true,"href":"https:\/\/chacosintesis.com.ar\/index.php\/wp-json\/wp\/v2\/tags?post=16170"}],"curies":[{"name":"wp","href":"https:\/\/api.w.org\/{rel}","templated":true}]}}