{"id":16160,"date":"2022-07-01T10:02:04","date_gmt":"2022-07-01T13:02:04","guid":{"rendered":"https:\/\/chacosintesis.com.ar\/?p=16160"},"modified":"2022-07-01T10:07:27","modified_gmt":"2022-07-01T13:07:27","slug":"capitanich-anuncio-modificaciones-tributarias-con-beneficios-para-contribuyentes-provinciales","status":"publish","type":"post","link":"https:\/\/chacosintesis.com.ar\/index.php\/capitanich-anuncio-modificaciones-tributarias-con-beneficios-para-contribuyentes-provinciales\/","title":{"rendered":"Capitanich anunci\u00f3 modificaciones tributarias con beneficios para contribuyentes provinciales"},"content":{"rendered":"<p>El gobernador Jorge Capitanich brind\u00f3 este viernes una conferencia de prensa junto al ministro de Planificaci\u00f3n, Econom\u00eda e Infraestructura, Santiago P\u00e9rez Pons, y el presidente de la Administraci\u00f3n Tributaria Provincial (ATP), Danilo Gualtieri, para presentar las modificaciones en el C\u00f3digo Tributario Provincial sobre el r\u00e9gimen simplificado.<br \/>\nEn su discurso, el gobernador celebr\u00f3 la incorporaci\u00f3n del Art\u00edculo N\u00ba 149 al C\u00f3digo (a trav\u00e9s de la Ley 3385-A), y anunci\u00f3 que los cambios en el r\u00e9gimen entran en vigencia a partir de este 1 de julio. \u201cEstamos propiciando algo que ven\u00edamos trabajando con mucho \u00e9nfasis, que implica menor carga para los y las contribuyentes\u201d, indic\u00f3.<br \/>\nEn ese sentido, Capitanich explic\u00f3 que esto se trata de un \u201c\u00fanico pago mensual, un solo tr\u00e1mite de alza, impuesto fijo mensual, sin presentaci\u00f3n de declaraciones juradas mensuales\u201d, y asegur\u00f3 que esto \u201cconstituye cuestiones que simplifican de una manera muy clara el ejercicio de la actividad\u201d.<br \/>\nRespecto de los requisitos, precis\u00f3 que se debe estar inscripto en el r\u00e9gimen simplificado para peque\u00f1os contribuyentes (monotributo nacional) y ser contribuyente local de los impuestos a los ingresos brutos: \u201cSe incluyen todas las categor\u00edas de monotributo, adem\u00e1s, implica un impuesto fijo mensual por categor\u00eda. Se trata de un solo vencimiento y un solo pago, que se abona con el monotributo de Afip e ingresos brutos de la provincia\u201d, explic\u00f3, y agreg\u00f3 que \u201cse elimina, por parte del contribuyente la declaraci\u00f3n jurada mensual, evitando sanciones y multas, y se simplifican las tareas para el contribuyente al tener que realizar todos los tramites en un solo organismo y en forma online\u201d.<br \/>\nA su vez, indic\u00f3 que \u201ctodo monotributista deja de adelantar el impuesto cada vez que hace una compra, una venta o un movimiento en su cuenta bancaria, implicando un avance en el r\u00e9gimen. Se podr\u00e1 abonar en forma simple de cualquier modalidad digital habilitada\u201d, y precis\u00f3 que contribuyentes categor\u00eda A \u201ccuentan con una bonificaci\u00f3n del 100% del monto a los ingresos brutos durante los primeros seis meses desde el alta, y del 50% para los siguientes seis meses\u201d. \u201cEs lo que siempre se ha demandado por parte de los contribuyentes, tener todo lo atinente a un r\u00e9gimen simple, practico, f\u00e1cilmente operable, y es lo que estamos haciendo\u201d, concluy\u00f3<\/p>\n","protected":false},"excerpt":{"rendered":"<p>El gobernador Jorge Capitanich brind\u00f3 este viernes una conferencia de prensa junto al ministro de Planificaci\u00f3n, Econom\u00eda e Infraestructura, Santiago P\u00e9rez Pons, y el presidente de la Administraci\u00f3n Tributaria Provincial (ATP), Danilo Gualtieri, para presentar las modificaciones en el C\u00f3digo Tributario Provincial sobre el r\u00e9gimen simplificado. En su discurso, el gobernador celebr\u00f3 la incorporaci\u00f3n del [&hellip;]<\/p>\n","protected":false},"author":1,"featured_media":16161,"comment_status":"closed","ping_status":"closed","sticky":false,"template":"","format":"standard","meta":{"footnotes":""},"categories":[6],"tags":[],"class_list":{"0":"post-16160","1":"post","2":"type-post","3":"status-publish","4":"format-standard","5":"has-post-thumbnail","7":"category-chaco"},"_links":{"self":[{"href":"https:\/\/chacosintesis.com.ar\/index.php\/wp-json\/wp\/v2\/posts\/16160","targetHints":{"allow":["GET"]}}],"collection":[{"href":"https:\/\/chacosintesis.com.ar\/index.php\/wp-json\/wp\/v2\/posts"}],"about":[{"href":"https:\/\/chacosintesis.com.ar\/index.php\/wp-json\/wp\/v2\/types\/post"}],"author":[{"embeddable":true,"href":"https:\/\/chacosintesis.com.ar\/index.php\/wp-json\/wp\/v2\/users\/1"}],"replies":[{"embeddable":true,"href":"https:\/\/chacosintesis.com.ar\/index.php\/wp-json\/wp\/v2\/comments?post=16160"}],"version-history":[{"count":0,"href":"https:\/\/chacosintesis.com.ar\/index.php\/wp-json\/wp\/v2\/posts\/16160\/revisions"}],"wp:featuredmedia":[{"embeddable":true,"href":"https:\/\/chacosintesis.com.ar\/index.php\/wp-json\/wp\/v2\/media\/16161"}],"wp:attachment":[{"href":"https:\/\/chacosintesis.com.ar\/index.php\/wp-json\/wp\/v2\/media?parent=16160"}],"wp:term":[{"taxonomy":"category","embeddable":true,"href":"https:\/\/chacosintesis.com.ar\/index.php\/wp-json\/wp\/v2\/categories?post=16160"},{"taxonomy":"post_tag","embeddable":true,"href":"https:\/\/chacosintesis.com.ar\/index.php\/wp-json\/wp\/v2\/tags?post=16160"}],"curies":[{"name":"wp","href":"https:\/\/api.w.org\/{rel}","templated":true}]}}