{"id":16140,"date":"2022-06-29T18:52:23","date_gmt":"2022-06-29T21:52:23","guid":{"rendered":"https:\/\/chacosintesis.com.ar\/?p=16140"},"modified":"2022-06-29T19:07:03","modified_gmt":"2022-06-29T22:07:03","slug":"con-masivo-acompanamiento-vecinal-la-legislatura-sesiono-nuevamente-en-el-interior","status":"publish","type":"post","link":"https:\/\/chacosintesis.com.ar\/index.php\/con-masivo-acompanamiento-vecinal-la-legislatura-sesiono-nuevamente-en-el-interior\/","title":{"rendered":"Con masivo acompa\u00f1amiento vecinal, la Legislatura sesion\u00f3 nuevamente en el interior"},"content":{"rendered":"<p>El Poder Legislativo llev\u00f3 a cabo este mi\u00e9rcoles una nueva edici\u00f3n del programa Sesionemos Juntos. Hubo reconocimientos y entrega de placas alusivas para la Asociaci\u00f3n Cultural Sanmartiniana, al sacerdote Guillermo Agust\u00edn Exner y a tres establecimientos educativos por sus 100 a\u00f1os.<\/p>\n<p>Con un fuerte respaldo al sector productivo, una extensa agenda de recorridas y visitas a distintas instituciones locales, adem\u00e1s de a emprendedores y productores, el Poder Legislativo llev\u00f3 a cabo este mi\u00e9rcoles una nueva edici\u00f3n del programa Sesionemos Juntos en General San Mart\u00edn. El pueblo sanmartiniano colm\u00f3 las instalaciones del Instituto de Educaci\u00f3n Superior Eduardo A. Fracchia, donde la presidenta Elida Cuesta, junto al cuerpo de legisladores, particip\u00f3 del descubrimiento de una placa al ingreso de la instituci\u00f3n educativa, luego de lo cual se dio inicio a la sesi\u00f3n ordinaria N\u00ba 16 con el acompa\u00f1amiento de autoridades municipales y personalidades destacadas de la localidad.<br \/>\nLa sesi\u00f3n legislativa inici\u00f3 con reconocimientos y entrega de placas alusivas para la Asociaci\u00f3n Cultural Sanmartiniana, al sacerdote Guillermo Agust\u00edn Exner y a tres establecimientos educativos por sus 100 a\u00f1os: EEP N\u00ba 93 Justo Pastor Melgarejo, EEP N\u00ba 99 Paul Groussac y la EEP N\u00ba 100 Capit\u00e1n Oreste Arbo y Blanco.<br \/>\nCuesta reiter\u00f3 el agradecimiento a las y los sanmartinianos destacando la predisposici\u00f3n de las autoridades locales. Adem\u00e1s, remarc\u00f3 que los representantes del pueblo deben estar cerca de la gente. \u201cEste programa nos humaniza, nos muestra c\u00f3mo somos, nos acerca al pueblo. Porque no pertenecemos a ninguna casta, somos personas comunes que vinimos a la pol\u00edtica a servir, por eso agradezco a todas las y los legisladores que nos acompa\u00f1an a recorrer nuestro Chaco\u201d, manifest\u00f3.<br \/>\nAdem\u00e1s, la titular del cuerpo agradeci\u00f3 el esfuerzo de las y los empleados legislativos y de todos los trabajadores que se esfuerzan para que el programa pueda desarrollarse tal lo previsto en cada oportunidad. \u201cSesionar en el interior requiere un gran esfuerzo de nuestros trabajadores, quienes en conjunto con los trabajadores municipales de cada pueblo que visitamos se brindan al m\u00e1ximo para que todo salga bien, por eso quiero agradecerles por ponerse cada d\u00eda la camiseta de nuestra instituci\u00f3n y demostrar la calidad humana que tenemos en nuestra casa de la democracia\u201d, resalt\u00f3.<br \/>\nAcercamiento al pueblo<br \/>\nEl vicepresidente primero Jaime Parra Moreno coment\u00f3 que el programa permite que \u201cla gente nos conozca y es, adem\u00e1s, una herramienta para saber lo que necesita el ciudadano del interior, en cada localidad\u201d. En este sentido, dijo que nota \u201cque todos los diputados ven los problemas planteados como un tema de cada ciudadano, no como algo pol\u00edtico, por lo que entre todos los bloques buscamos c\u00f3mo solucionarlo a trav\u00e9s de este contacto cercano con el pueblo\u201d.<br \/>\nZulma Galeano expres\u00f3 su satisfacci\u00f3n por la visita del Poder Legislativo a General San Mart\u00edn y agradeci\u00f3 el reconocimiento a las personas e instituciones que hicieron la historia grande del pueblo. \u201cSesionar en el interior es una pol\u00edtica que genera consenso, tenemos que desmitificar que los diputados somos personas inalcanzables o alguien que asume una tarea que est\u00e1 alejada de la gente. De eso se trata, de escuchar, el diputado debe escuchar y llevar los temas planteados a la Legislatura para debatirlos y encontrar la soluci\u00f3n\u201d, explic\u00f3 la diputada.<br \/>\nPor su parte, Hugo Sager remarc\u00f3 que volver a San Mart\u00edn signific\u00f3 reconocer que sesionar en el interior provincial fue y es una tarea oportuna, porque el pueblo as\u00ed lo reconoce. \u201cAnteriormente vinimos en un momento cr\u00edtico, esta ciudad estaba sin agua y hubo intervenci\u00f3n de los legisladores para acelerar la soluci\u00f3n a aquel inconveniente, adem\u00e1s, nos llevamos algunas solicitudes para resolver problemas de distintos sectores. Ayer, cuando visit\u00e1bamos los barrios, ve\u00edamos con agrado que esas respuestas hab\u00edan llegado\u201d, asever\u00f3 el legislador.<br \/>\nFederalizar pol\u00edticas p\u00fablicas<br \/>\nEl intendente Mauro Leiva manifest\u00f3 su agradecimiento a los trabajadores legislativos por permitir la concreci\u00f3n de esta sesi\u00f3n en una jornada hist\u00f3rica para la localidad. \u201cEl compromiso es trabajar todos los legisladores, de todos los bloques pol\u00edticos, en una agenda conjunta y, a partir de all\u00ed, lograr el consenso pensando en beneficio de nuestro pueblo\u201d.<br \/>\nAsimismo, Leiva aclar\u00f3 que \u201cla idea es federalizar las pol\u00edticas p\u00fablicas y acercar a los legisladores a la gente, para de esa manera conocer sus inquietudes y trabajar en pos de mejorar la calidad de vida de los sanmartinianos\u201d.<br \/>\n\u201cAgradezco a la presidenta de la C\u00e1mara de Diputados y a los legisladores por visitarnos y permitirnos acercarlos a la comunidad para conocer sus problem\u00e1ticas, sus demandas, y buscar entre todos las soluciones a cada requerimiento\u201d, cerr\u00f3.<\/p>\n","protected":false},"excerpt":{"rendered":"<p>El Poder Legislativo llev\u00f3 a cabo este mi\u00e9rcoles una nueva edici\u00f3n del programa Sesionemos Juntos. Hubo reconocimientos y entrega de placas alusivas para la Asociaci\u00f3n Cultural Sanmartiniana, al sacerdote Guillermo Agust\u00edn Exner y a tres establecimientos educativos por sus 100 a\u00f1os. Con un fuerte respaldo al sector productivo, una extensa agenda de recorridas y visitas [&hellip;]<\/p>\n","protected":false},"author":1,"featured_media":16141,"comment_status":"closed","ping_status":"closed","sticky":false,"template":"","format":"standard","meta":{"footnotes":""},"categories":[6],"tags":[],"class_list":{"0":"post-16140","1":"post","2":"type-post","3":"status-publish","4":"format-standard","5":"has-post-thumbnail","7":"category-chaco"},"_links":{"self":[{"href":"https:\/\/chacosintesis.com.ar\/index.php\/wp-json\/wp\/v2\/posts\/16140","targetHints":{"allow":["GET"]}}],"collection":[{"href":"https:\/\/chacosintesis.com.ar\/index.php\/wp-json\/wp\/v2\/posts"}],"about":[{"href":"https:\/\/chacosintesis.com.ar\/index.php\/wp-json\/wp\/v2\/types\/post"}],"author":[{"embeddable":true,"href":"https:\/\/chacosintesis.com.ar\/index.php\/wp-json\/wp\/v2\/users\/1"}],"replies":[{"embeddable":true,"href":"https:\/\/chacosintesis.com.ar\/index.php\/wp-json\/wp\/v2\/comments?post=16140"}],"version-history":[{"count":0,"href":"https:\/\/chacosintesis.com.ar\/index.php\/wp-json\/wp\/v2\/posts\/16140\/revisions"}],"wp:featuredmedia":[{"embeddable":true,"href":"https:\/\/chacosintesis.com.ar\/index.php\/wp-json\/wp\/v2\/media\/16141"}],"wp:attachment":[{"href":"https:\/\/chacosintesis.com.ar\/index.php\/wp-json\/wp\/v2\/media?parent=16140"}],"wp:term":[{"taxonomy":"category","embeddable":true,"href":"https:\/\/chacosintesis.com.ar\/index.php\/wp-json\/wp\/v2\/categories?post=16140"},{"taxonomy":"post_tag","embeddable":true,"href":"https:\/\/chacosintesis.com.ar\/index.php\/wp-json\/wp\/v2\/tags?post=16140"}],"curies":[{"name":"wp","href":"https:\/\/api.w.org\/{rel}","templated":true}]}}