{"id":16136,"date":"2022-06-29T18:48:10","date_gmt":"2022-06-29T21:48:10","guid":{"rendered":"https:\/\/chacosintesis.com.ar\/?p=16136"},"modified":"2022-06-29T19:07:01","modified_gmt":"2022-06-29T22:07:01","slug":"alberto-fernandez-visito-a-milagro-sala-y-denuncio-una-persecucion","status":"publish","type":"post","link":"https:\/\/chacosintesis.com.ar\/index.php\/alberto-fernandez-visito-a-milagro-sala-y-denuncio-una-persecucion\/","title":{"rendered":"Alberto Fern\u00e1ndez visit\u00f3 a Milagro Sala y denunci\u00f3 una &#8220;persecuci\u00f3n&#8221;"},"content":{"rendered":"<p>La l\u00edder de la Tupac Amaru se encuentra internada desde hace dos d\u00edas por una trombosis venosa profunda. El Presidente pospuso su agenda para dirigirse a la capital juje\u00f1a.<br \/>\n El presidente Alberto Fern\u00e1ndez suspendi\u00f3 su agenda y sorpresivamente viaj\u00f3 a Jujuy para visitar a la l\u00edder de la Tupac Amaru, Milagro Sala, quien se encuentra internada desde hace dos d\u00edas por una &#8220;trombosis venosa profunda&#8221;.<br \/>\n AUDIO: Fern\u00e1ndez visit\u00f3 a Milagro Sala y denunci\u00f3 una &#8220;persecuci\u00f3n&#8221;<br \/>\nFOTO: Alberto Fern\u00e1ndez y Milagro Sala<br \/>\nFOTO: Fern\u00e1ndez suspendi\u00f3 su agenda para visitar a Milagro Sala (Foto: @Alferdezok).<br \/>\nAUDIO: V\u00edctima de Milagro Sala calific\u00f3 la visita de Fern\u00e1ndez como algo &#8220;muy doloroso&#8221;<br \/>\n\u2039\u203a<br \/>\nEl presidente Alberto Fern\u00e1ndez suspendi\u00f3 su agenda y sorpresivamente viaj\u00f3 a Jujuy para visitar a la l\u00edder de la Tupac Amaru, Milagro Sala, quien se encuentra internada desde hace dos d\u00edas por una &#8220;trombosis venosa profunda&#8221;.<br \/>\nTras mostrarse con la referente social, el jefe de Estado alert\u00f3 que &#8220;prolongar detenciones preventivas es una forma de violar los derechos humanos&#8221;.<br \/>\nEl mandatario ten\u00eda previsto ir a media ma\u00f1ana del mi\u00e9rcoles a Ciudad Universitaria para hacer entrega de equipamiento cient\u00edfico- tecnol\u00f3gicos a organismos y universidades en el marco del Programa Federal &#8220;Equipar Ciencia&#8221;.<br \/>\nSin embargo, decidi\u00f3 posponer la actividad y emprender vuelo hacia San Salvador de Jujuy, para acercarse hasta el Sanatorio Los Lapachos: all\u00ed permanece bajo observaci\u00f3n m\u00e9dica la dirigente kirchnerista.<br \/>\n Durante la ma\u00f1ana, el jefe de Estado permaneci\u00f3 en la Quinta de Olivos acompa\u00f1ado por la portavoz presidencial, Gabriela Cerruti, para terminar de definir los detalles del traslado. La propia vocera debi\u00f3 ausentarse de la reuni\u00f3n quincenal de Gabinete en Casa Rosada, y es quien lo acompa\u00f1a en el vuelo.<br \/>\nEn el viaje a Jujuy, Alberto Fern\u00e1ndez estuvo acompa\u00f1ado por la vocera; el secretario general de la Presidencia, Julio Vitobello; el asesor presidencial Ricardo Forster; el secretario de Derechos Humanos, Horacio Pietragalla Corti; y el diputado nacional Eduardo Vald\u00e9s.<br \/>\n&#8220;La situaci\u00f3n es muy grave. Lleva siete a\u00f1os presa y su salud se ha deteriorado mucho&#8221;, advirti\u00f3 el mandatario en declaraciones a AM 750.<br \/>\nEn ese sentido, fundament\u00f3 su decisi\u00f3n de viajar a Jujuy para visitar a Sala: &#8220;Quiero llamar la atenci\u00f3n a la Argentina y al mundo sobre algo que est\u00e1 ocurriendo y no deber\u00eda ocurrir&#8221;.<br \/>\nAlberto Fern\u00e1ndez cont\u00f3 que se enter\u00f3 de la internaci\u00f3n de Sala mientras se encontraba de viaje la ciudad de M\u00fanich, Alemania, donde el pasado fin de semana particip\u00f3 de la Cumbre del G7. &#8220;Habl\u00e9 con su marido (que tambi\u00e9n se encuentra afectado de su salud) y le dije que ma\u00f1ana (por hoy) estoy all\u00ed&#8221;, indic\u00f3.<br \/>\n&#8220;Quise acompa\u00f1arla y dar testimonio una vez m\u00e1s de mi compromiso. Los derechos humanos son la base de todo el sistema de un Estado de Derecho&#8221;, a\u00f1adi\u00f3 en declaraciones a la prensa.<br \/>\nAl hablar puntualmente de la situaci\u00f3n judicial de la juje\u00f1a, el mandatario advirti\u00f3 que &#8220;prolongar detenciones preventivas es una forma de violar los derechos humanos&#8221;.<br \/>\nEn ese sentido, denunci\u00f3 que Sala padece &#8220;una persecuci\u00f3n pol\u00edtica&#8221; y reclam\u00f3 que &#8220;el Estado de Derecho est\u00e9 presente&#8221; en la provincia norte\u00f1a gobernada por el radical Gerardo Morales.<br \/>\nLa intenci\u00f3n de mostrarse junto a la dirigente social persigue la idea de que &#8220;se muestre esta situaci\u00f3n oprobiosa que la Corte sigue sin resolver&#8221;, enfatiz\u00f3 el jefe de Estado a trav\u00e9s de sus redes sociales.<br \/>\nEl martes por la tarde el mandatario hab\u00eda mostrado preocupaci\u00f3n por la salud de Sala y decidi\u00f3 establecer contactos telef\u00f3nicos con los m\u00e9dicos y allegados de la l\u00edder de la Tupac Amaru. Seg\u00fan se supo, el jefe de Estado mantiene permanente contacto para estar al tanto de su situaci\u00f3n de salud.<br \/>\nInforme de Ariel Rodr\u00edguez y Elisa Zamora.<br \/>\n CADENA 3.-<\/p>\n","protected":false},"excerpt":{"rendered":"<p>La l\u00edder de la Tupac Amaru se encuentra internada desde hace dos d\u00edas por una trombosis venosa profunda. El Presidente pospuso su agenda para dirigirse a la capital juje\u00f1a. El presidente Alberto Fern\u00e1ndez suspendi\u00f3 su agenda y sorpresivamente viaj\u00f3 a Jujuy para visitar a la l\u00edder de la Tupac Amaru, Milagro Sala, quien se encuentra [&hellip;]<\/p>\n","protected":false},"author":1,"featured_media":16137,"comment_status":"closed","ping_status":"closed","sticky":false,"template":"","format":"standard","meta":{"footnotes":""},"categories":[6],"tags":[],"class_list":{"0":"post-16136","1":"post","2":"type-post","3":"status-publish","4":"format-standard","5":"has-post-thumbnail","7":"category-chaco"},"_links":{"self":[{"href":"https:\/\/chacosintesis.com.ar\/index.php\/wp-json\/wp\/v2\/posts\/16136","targetHints":{"allow":["GET"]}}],"collection":[{"href":"https:\/\/chacosintesis.com.ar\/index.php\/wp-json\/wp\/v2\/posts"}],"about":[{"href":"https:\/\/chacosintesis.com.ar\/index.php\/wp-json\/wp\/v2\/types\/post"}],"author":[{"embeddable":true,"href":"https:\/\/chacosintesis.com.ar\/index.php\/wp-json\/wp\/v2\/users\/1"}],"replies":[{"embeddable":true,"href":"https:\/\/chacosintesis.com.ar\/index.php\/wp-json\/wp\/v2\/comments?post=16136"}],"version-history":[{"count":0,"href":"https:\/\/chacosintesis.com.ar\/index.php\/wp-json\/wp\/v2\/posts\/16136\/revisions"}],"wp:featuredmedia":[{"embeddable":true,"href":"https:\/\/chacosintesis.com.ar\/index.php\/wp-json\/wp\/v2\/media\/16137"}],"wp:attachment":[{"href":"https:\/\/chacosintesis.com.ar\/index.php\/wp-json\/wp\/v2\/media?parent=16136"}],"wp:term":[{"taxonomy":"category","embeddable":true,"href":"https:\/\/chacosintesis.com.ar\/index.php\/wp-json\/wp\/v2\/categories?post=16136"},{"taxonomy":"post_tag","embeddable":true,"href":"https:\/\/chacosintesis.com.ar\/index.php\/wp-json\/wp\/v2\/tags?post=16136"}],"curies":[{"name":"wp","href":"https:\/\/api.w.org\/{rel}","templated":true}]}}