{"id":16132,"date":"2022-06-29T18:38:42","date_gmt":"2022-06-29T21:38:42","guid":{"rendered":"https:\/\/chacosintesis.com.ar\/?p=16132"},"modified":"2022-06-29T19:07:00","modified_gmt":"2022-06-29T22:07:00","slug":"capitanich-la-composicion-de-la-corte-ha-sido-centralista-misogina-y-con-sesgo-antifederal","status":"publish","type":"post","link":"https:\/\/chacosintesis.com.ar\/index.php\/capitanich-la-composicion-de-la-corte-ha-sido-centralista-misogina-y-con-sesgo-antifederal\/","title":{"rendered":"Capitanich: &#8220;La composici\u00f3n de la Corte ha sido centralista, mis\u00f3gina y con sesgo antifederal&#8221;"},"content":{"rendered":"<p>El primer mandatario provincial forma parte de la comitiva de gobernadores que respaldan la iniciativa legislativa para ampliar el cuerpo que se debate en el Congreso Nacional. \u201cHay un avance del centralismo que avanza de la mano de la injerencia de las corporaciones que promueven un mecanismo de presi\u00f3n y manipular y manejan la justicia a su antojo&#8221;, expres\u00f3.<\/p>\n<p>El gobernador Jorge Capitanich declar\u00f3 este mi\u00e9rcoles que &#8220;la composici\u00f3n de la Corte Suprema de Justicia ha sido centralista, mis\u00f3gina y con un sesgo antifederal&#8221;, al participar hoy de un plenario de comisiones del Senado donde se discute la ampliaci\u00f3n del n\u00famero de jueces del tribunal. Desde el sal\u00f3n Arturo Illia del Palacio Legislativo, Capitanich asegur\u00f3 ante los senadores nacionales que hay &#8220;un avance del centralismo que avanza de la mano de la injerencia de las corporaciones que promueven un mecanismo de presi\u00f3n y manipular y manejan la justicia a su antojo&#8221;:<br \/>\n&#8220;No estamos en contra de nadie estamos a favor de una Justicia con sentido federal y de una justicia que resuelva los problemas b\u00e1sicos&#8221;, aclar\u00f3, y critic\u00f3 &#8220;la arbitrariedad&#8221; actual en la composici\u00f3n del m\u00e1ximo tribunal judicial del pa\u00eds. El gobernador afirm\u00f3 que desde su provincia se propiciar\u00e1 la designaci\u00f3n de juristas calificados en caso de avanzarse en la reforma de la Corte Suprema, a cuya composici\u00f3n actual cuestion\u00f3 por estar alejada de la realidad de los ciudadanos.<br \/>\nEl mandatario marc\u00f3 la existencia de una &#8220;tensi\u00f3n entre gobernabilidad y calidad y entre inclusi\u00f3n social y distribuci\u00f3n del ingreso&#8221; y se pregunt\u00f3 &#8220;d\u00f3nde estaba la Corte cuando se produjo la convalidaci\u00f3n de los gobiernos de facto&#8221;. Para Capitanich, &#8220;se han agudizado las asimetr\u00edas en la distribuci\u00f3n del ingreso y parte de esa garant\u00eda tambi\u00e9n deb\u00eda estar enmarcada en uno de los poderes del Estado del que las provincias fueron deliberadamente excluidas&#8221;.<br \/>\n&#8220;Existen razones constitucionales e institucionales y operativas debido a la multiplicidad de las causas y a la falta de especializaci\u00f3n&#8221; que llevan a analizar la reforma del cuerpo, dijo, aunque aclar\u00f3 que no cuestiona la idoneidad de los actuales miembros de la Corte.<br \/>\nFuente: T\u00e9lam<\/p>\n","protected":false},"excerpt":{"rendered":"<p>El primer mandatario provincial forma parte de la comitiva de gobernadores que respaldan la iniciativa legislativa para ampliar el cuerpo que se debate en el Congreso Nacional. \u201cHay un avance del centralismo que avanza de la mano de la injerencia de las corporaciones que promueven un mecanismo de presi\u00f3n y manipular y manejan la justicia [&hellip;]<\/p>\n","protected":false},"author":1,"featured_media":16133,"comment_status":"closed","ping_status":"closed","sticky":false,"template":"","format":"standard","meta":{"footnotes":""},"categories":[6],"tags":[],"class_list":{"0":"post-16132","1":"post","2":"type-post","3":"status-publish","4":"format-standard","5":"has-post-thumbnail","7":"category-chaco"},"_links":{"self":[{"href":"https:\/\/chacosintesis.com.ar\/index.php\/wp-json\/wp\/v2\/posts\/16132","targetHints":{"allow":["GET"]}}],"collection":[{"href":"https:\/\/chacosintesis.com.ar\/index.php\/wp-json\/wp\/v2\/posts"}],"about":[{"href":"https:\/\/chacosintesis.com.ar\/index.php\/wp-json\/wp\/v2\/types\/post"}],"author":[{"embeddable":true,"href":"https:\/\/chacosintesis.com.ar\/index.php\/wp-json\/wp\/v2\/users\/1"}],"replies":[{"embeddable":true,"href":"https:\/\/chacosintesis.com.ar\/index.php\/wp-json\/wp\/v2\/comments?post=16132"}],"version-history":[{"count":0,"href":"https:\/\/chacosintesis.com.ar\/index.php\/wp-json\/wp\/v2\/posts\/16132\/revisions"}],"wp:featuredmedia":[{"embeddable":true,"href":"https:\/\/chacosintesis.com.ar\/index.php\/wp-json\/wp\/v2\/media\/16133"}],"wp:attachment":[{"href":"https:\/\/chacosintesis.com.ar\/index.php\/wp-json\/wp\/v2\/media?parent=16132"}],"wp:term":[{"taxonomy":"category","embeddable":true,"href":"https:\/\/chacosintesis.com.ar\/index.php\/wp-json\/wp\/v2\/categories?post=16132"},{"taxonomy":"post_tag","embeddable":true,"href":"https:\/\/chacosintesis.com.ar\/index.php\/wp-json\/wp\/v2\/tags?post=16132"}],"curies":[{"name":"wp","href":"https:\/\/api.w.org\/{rel}","templated":true}]}}