{"id":16126,"date":"2022-06-29T10:51:05","date_gmt":"2022-06-29T13:51:05","guid":{"rendered":"https:\/\/chacosintesis.com.ar\/?p=16126"},"modified":"2022-06-29T11:07:20","modified_gmt":"2022-06-29T14:07:20","slug":"automovilista-volco-en-una-ruta-chaquena-durante-las-primeras-horas-de-la-manana","status":"publish","type":"post","link":"https:\/\/chacosintesis.com.ar\/index.php\/automovilista-volco-en-una-ruta-chaquena-durante-las-primeras-horas-de-la-manana\/","title":{"rendered":"Automovilista volc\u00f3 en una ruta chaque\u00f1a durante las primeras horas de la ma\u00f1ana"},"content":{"rendered":"<p>Un hombre de 53 a\u00f1os a bordo de un Ford \u201cFocus\u201d volc\u00f3 esta ma\u00f1ana alrededor de las 8 sobre la Ruta N\u00ba 56, a algunos kil\u00f3metros de la Ruta N\u00ba 11, seg\u00fan inform\u00f3 la Polic\u00eda.<br \/>\n En precisiones, indicaron que el autom\u00f3vil volc\u00f3 y termin\u00f3 a 20 metros de la cinta asf\u00e1ltica. Por su parte, el conductor habr\u00eda salido \u201csin lesiones\u201d, sin embargo, fue llevado a un sanatorio privado de la capital.<br \/>\n En la primera ma\u00f1ana de hoy, desde la Polic\u00eda del Chaco comunic\u00f3 un mensaje del Ministerio de Seguridad y Justicia, desde donde recomendaban \u201ccircular con precauci\u00f3n por las rutas y caminos de la provincia, debido a la baja visibilidad en condiciones de niebla\u201d.<\/p>\n","protected":false},"excerpt":{"rendered":"<p>Un hombre de 53 a\u00f1os a bordo de un Ford \u201cFocus\u201d volc\u00f3 esta ma\u00f1ana alrededor de las 8 sobre la Ruta N\u00ba 56, a algunos kil\u00f3metros de la Ruta N\u00ba 11, seg\u00fan inform\u00f3 la Polic\u00eda. En precisiones, indicaron que el autom\u00f3vil volc\u00f3 y termin\u00f3 a 20 metros de la cinta asf\u00e1ltica. Por su parte, el [&hellip;]<\/p>\n","protected":false},"author":1,"featured_media":16127,"comment_status":"closed","ping_status":"closed","sticky":false,"template":"","format":"standard","meta":{"footnotes":""},"categories":[6],"tags":[],"class_list":{"0":"post-16126","1":"post","2":"type-post","3":"status-publish","4":"format-standard","5":"has-post-thumbnail","7":"category-chaco"},"_links":{"self":[{"href":"https:\/\/chacosintesis.com.ar\/index.php\/wp-json\/wp\/v2\/posts\/16126","targetHints":{"allow":["GET"]}}],"collection":[{"href":"https:\/\/chacosintesis.com.ar\/index.php\/wp-json\/wp\/v2\/posts"}],"about":[{"href":"https:\/\/chacosintesis.com.ar\/index.php\/wp-json\/wp\/v2\/types\/post"}],"author":[{"embeddable":true,"href":"https:\/\/chacosintesis.com.ar\/index.php\/wp-json\/wp\/v2\/users\/1"}],"replies":[{"embeddable":true,"href":"https:\/\/chacosintesis.com.ar\/index.php\/wp-json\/wp\/v2\/comments?post=16126"}],"version-history":[{"count":0,"href":"https:\/\/chacosintesis.com.ar\/index.php\/wp-json\/wp\/v2\/posts\/16126\/revisions"}],"wp:featuredmedia":[{"embeddable":true,"href":"https:\/\/chacosintesis.com.ar\/index.php\/wp-json\/wp\/v2\/media\/16127"}],"wp:attachment":[{"href":"https:\/\/chacosintesis.com.ar\/index.php\/wp-json\/wp\/v2\/media?parent=16126"}],"wp:term":[{"taxonomy":"category","embeddable":true,"href":"https:\/\/chacosintesis.com.ar\/index.php\/wp-json\/wp\/v2\/categories?post=16126"},{"taxonomy":"post_tag","embeddable":true,"href":"https:\/\/chacosintesis.com.ar\/index.php\/wp-json\/wp\/v2\/tags?post=16126"}],"curies":[{"name":"wp","href":"https:\/\/api.w.org\/{rel}","templated":true}]}}