{"id":16122,"date":"2022-06-29T09:28:58","date_gmt":"2022-06-29T12:28:58","guid":{"rendered":"https:\/\/chacosintesis.com.ar\/?p=16122"},"modified":"2022-06-29T09:36:48","modified_gmt":"2022-06-29T12:36:48","slug":"lavado-i-pidieron-15-anos-contra-exfuncionarios","status":"publish","type":"post","link":"https:\/\/chacosintesis.com.ar\/index.php\/lavado-i-pidieron-15-anos-contra-exfuncionarios\/","title":{"rendered":"Lavado I: pidieron 15 a\u00f1os contra exfuncionarios"},"content":{"rendered":"<p>El fiscal federal Federico Carniel pidi\u00f3 durante la segunda jornada de alegatos del juicio conocido como Lavado I que Horacio Rey, Roberto Lugo y Gustavo Katavich sean condenados a 15 a\u00f1os de prisi\u00f3n, c\u00f3mputo que est\u00e1 unificado con la que ya recibieron en el fuero provincial. Adem\u00e1s solicitaron 10 a\u00f1os de inhabilitaci\u00f3n para ejercer cargos p\u00fablicos.<br \/>\n Asimismo, solicitaron 10 a\u00f1os de c\u00e1rcel para Patricia V\u00e1squez, considerada coautora de los hechos de corrupci\u00f3n en la denominada causa Lavado I.<br \/>\nEn el juicio que se lleva adelante en el Tribunal Oral Federal de Resistencia, en la denominada causa Lavado I, que tiene como principales involucrados al exsecretario general de la Gobernaci\u00f3n Horacio Rey y el exministro de Desarollo Social Roberto Lugo, el fiscal general Federico Carniel solicit\u00f3 duras penas para los acusados de ser parte de una organizaci\u00f3n delictiva para el lavado de activos de la corrupci\u00f3n.<br \/>\n El representante del Ministerio P\u00fablico pidi\u00f3 15 a\u00f1os para Rey y 15 a\u00f1os de c\u00e1rcel para Lugo, unificando la pena de los dos exfuncionarios, impuesta por la justicia de la provincia.<br \/>\nLOS RESTANTES ACUSADOS<br \/>\nEn cu\u00e1nto al resto de los acusados solicitaron para M\u00f3nica Yaczuk 8 a\u00f1os; Claudia Varela ( 8 a\u00f1os); Ricardo Retamozo ( 3 a\u00f1os y unificaci\u00f3n de pena, lo que dar\u00eda 8 a\u00f1os); Gustavo Katavich ( 13 a\u00f1os y unificando con la justicia ordinaria, ser\u00edan 15 a\u00f1os), Cristina Mariel Dellamea ( 8 a\u00f1os); Ram\u00f3n Ch\u00e1vez (10 a\u00f1os); Carlos Osuna ( 7 a\u00f1os); Miguel \u00c1ngel Vilte ( 7 a\u00f1os); Mar\u00eda Laura Aguirre ( 3 a\u00f1os); Iv\u00e1n Alejandro Bilcich ( 3 a\u00f1os); Patricia V\u00e1zquez ( 10 a\u00f1os, coautora); Carlos Amarilla ( 10 a\u00f1os), Mar\u00eda Elena Yakzuk , Clara Okapuvic y Silvia Simicik ( absueltas); Los sindicados como presuntos jefes de esta organizaci\u00f3n son Rey, sindicado por haberse apropiado de fondos p\u00fablicos a trav\u00e9s del desv\u00edo de la pauta publicitaria y Lugo por direccionar la contrataci\u00f3n como proveedores del Estado del Chaco a familiares y amigos, donde se efectuaban millonarias operaciones.<\/p>\n<p>DIARIO NORTE.-<\/p>\n","protected":false},"excerpt":{"rendered":"<p>El fiscal federal Federico Carniel pidi\u00f3 durante la segunda jornada de alegatos del juicio conocido como Lavado I que Horacio Rey, Roberto Lugo y Gustavo Katavich sean condenados a 15 a\u00f1os de prisi\u00f3n, c\u00f3mputo que est\u00e1 unificado con la que ya recibieron en el fuero provincial. Adem\u00e1s solicitaron 10 a\u00f1os de inhabilitaci\u00f3n para ejercer cargos [&hellip;]<\/p>\n","protected":false},"author":1,"featured_media":16123,"comment_status":"closed","ping_status":"closed","sticky":false,"template":"","format":"standard","meta":{"footnotes":""},"categories":[6],"tags":[],"class_list":{"0":"post-16122","1":"post","2":"type-post","3":"status-publish","4":"format-standard","5":"has-post-thumbnail","7":"category-chaco"},"_links":{"self":[{"href":"https:\/\/chacosintesis.com.ar\/index.php\/wp-json\/wp\/v2\/posts\/16122","targetHints":{"allow":["GET"]}}],"collection":[{"href":"https:\/\/chacosintesis.com.ar\/index.php\/wp-json\/wp\/v2\/posts"}],"about":[{"href":"https:\/\/chacosintesis.com.ar\/index.php\/wp-json\/wp\/v2\/types\/post"}],"author":[{"embeddable":true,"href":"https:\/\/chacosintesis.com.ar\/index.php\/wp-json\/wp\/v2\/users\/1"}],"replies":[{"embeddable":true,"href":"https:\/\/chacosintesis.com.ar\/index.php\/wp-json\/wp\/v2\/comments?post=16122"}],"version-history":[{"count":0,"href":"https:\/\/chacosintesis.com.ar\/index.php\/wp-json\/wp\/v2\/posts\/16122\/revisions"}],"wp:featuredmedia":[{"embeddable":true,"href":"https:\/\/chacosintesis.com.ar\/index.php\/wp-json\/wp\/v2\/media\/16123"}],"wp:attachment":[{"href":"https:\/\/chacosintesis.com.ar\/index.php\/wp-json\/wp\/v2\/media?parent=16122"}],"wp:term":[{"taxonomy":"category","embeddable":true,"href":"https:\/\/chacosintesis.com.ar\/index.php\/wp-json\/wp\/v2\/categories?post=16122"},{"taxonomy":"post_tag","embeddable":true,"href":"https:\/\/chacosintesis.com.ar\/index.php\/wp-json\/wp\/v2\/tags?post=16122"}],"curies":[{"name":"wp","href":"https:\/\/api.w.org\/{rel}","templated":true}]}}