{"id":16081,"date":"2022-06-26T10:49:09","date_gmt":"2022-06-26T13:49:09","guid":{"rendered":"https:\/\/chacosintesis.com.ar\/?p=16081"},"modified":"2022-06-26T11:07:12","modified_gmt":"2022-06-26T14:07:12","slug":"marcha-de-productores-por-falta-de-gasoil-y-por-la-situacion-economica-y-social","status":"publish","type":"post","link":"https:\/\/chacosintesis.com.ar\/index.php\/marcha-de-productores-por-falta-de-gasoil-y-por-la-situacion-economica-y-social\/","title":{"rendered":"Marcha de productores por falta de gasoil y por la situaci\u00f3n econ\u00f3mica y social"},"content":{"rendered":"<p>Con un duro petitorio dirigido a la totalidad de la clase pol\u00edtica, haciendo hincapi\u00e9 en la falta de empleo, pobreza, inseguridad y corrupci\u00f3n.<br \/>\n Una marcha de productores agropecuarios desde Gancedo, a la que se fueron sumando las ciudades ubicadas a la vera de las rutas nacionales 89 y 16, se concentr\u00f3 en la rotonda de S\u00e1enz Pe\u00f1a de autov\u00eda 16 y calle Comandante Fern\u00e1ndez donde hicieron lectura de un petitorio.<br \/>\nEl documento va dirigido a la clase pol\u00edtica toda, tanto al oficialismo como a la oposici\u00f3n: \u2018se expidan y expresen sus posiciones respecto de la cruda realidad y dejen de hacerse los distra\u00eddos ech\u00e1ndole culpas solo al Ejecutivo Nacional mientras llevan a la pr\u00e1ctica id\u00e9nticas pol\u00edticas populistas que solo acrecientan exponencialmente los \u00edndices de pobreza que generan votos cautivos espiralizando a\u00fan m\u00e1s los problemas\u2018, refiri\u00e9ndose tanto a situaciones coyunturales como la falta de gasoil y otras m\u00e1s profundas como la falta de empleo, pobreza, inseguridad y corrupci\u00f3n.<br \/>\n\u2018La inflaci\u00f3n nos afecta a todos, haciendo m\u00e1s da\u00f1o a los sectores vulnerables, llev\u00e1ndonos a un gran deterioro social y econ\u00f3mico, a contramano de lo que se deber\u00eda hacer\u2018, se\u00f1alaron.<br \/>\nEstuvieron presentes productores de Gancedo, Pinedo, Charata, Las Bre\u00f1as, Campo Largo, Avia Terai, Pampa del Infierno, Concepci\u00f3n del Bermejo, Tres Isletas, Villa \u00c1ngela, Villa Berthet, La Tigra y S\u00e1enz Pe\u00f1a. Acompa\u00f1aron los diputados nacionales Gerardo Cipolini, Juan Carlos Polini, Maril\u00fa Quiroz y los intendentes de S\u00e1enz Pe\u00f1a Bruno Cipolini y Glenda Seifert de Pampa del Infierno, entre otros referentes sectoriales que se sumaron con su presencia al reclamo agropecuario. Luego de la llegada, se iz\u00f3 la Bandera en el m\u00e1stil del acceso y se entonaron las estrofas del Himno Nacional Argentino.<br \/>\nHizo uso de la palabra Jos\u00e9 Luis Schaovskoy, de la Sociedad Rural de Las Bre\u00f1as, quien insisti\u00f3 en que \u2018resulta incoherente la falta de gasoil desde marzo a la fecha en tiempos cruciales para el transporte y log\u00edstica en plenitud de cosecha de algod\u00f3n, sorgo, soja y ma\u00edz conjuntamente con siembras de trigo y pasturas invernales. Los aumentos de precio del gasoil no se solucionan con aumento de tarifas, sino con pol\u00edticas energ\u00e9ticas constantes y previsibles. No vendr\u00e1 la soluci\u00f3n de quienes crearon el problema, por eso solicitamos la renuncia del secretario de Energ\u00eda de la Naci\u00f3n\u2019.<br \/>\nDIARIO NORTE,.<\/p>\n","protected":false},"excerpt":{"rendered":"<p>Con un duro petitorio dirigido a la totalidad de la clase pol\u00edtica, haciendo hincapi\u00e9 en la falta de empleo, pobreza, inseguridad y corrupci\u00f3n. Una marcha de productores agropecuarios desde Gancedo, a la que se fueron sumando las ciudades ubicadas a la vera de las rutas nacionales 89 y 16, se concentr\u00f3 en la rotonda de [&hellip;]<\/p>\n","protected":false},"author":1,"featured_media":16082,"comment_status":"closed","ping_status":"closed","sticky":false,"template":"","format":"standard","meta":{"footnotes":""},"categories":[6],"tags":[197],"class_list":{"0":"post-16081","1":"post","2":"type-post","3":"status-publish","4":"format-standard","5":"has-post-thumbnail","7":"category-chaco","8":"tag-destacada"},"_links":{"self":[{"href":"https:\/\/chacosintesis.com.ar\/index.php\/wp-json\/wp\/v2\/posts\/16081","targetHints":{"allow":["GET"]}}],"collection":[{"href":"https:\/\/chacosintesis.com.ar\/index.php\/wp-json\/wp\/v2\/posts"}],"about":[{"href":"https:\/\/chacosintesis.com.ar\/index.php\/wp-json\/wp\/v2\/types\/post"}],"author":[{"embeddable":true,"href":"https:\/\/chacosintesis.com.ar\/index.php\/wp-json\/wp\/v2\/users\/1"}],"replies":[{"embeddable":true,"href":"https:\/\/chacosintesis.com.ar\/index.php\/wp-json\/wp\/v2\/comments?post=16081"}],"version-history":[{"count":0,"href":"https:\/\/chacosintesis.com.ar\/index.php\/wp-json\/wp\/v2\/posts\/16081\/revisions"}],"wp:featuredmedia":[{"embeddable":true,"href":"https:\/\/chacosintesis.com.ar\/index.php\/wp-json\/wp\/v2\/media\/16082"}],"wp:attachment":[{"href":"https:\/\/chacosintesis.com.ar\/index.php\/wp-json\/wp\/v2\/media?parent=16081"}],"wp:term":[{"taxonomy":"category","embeddable":true,"href":"https:\/\/chacosintesis.com.ar\/index.php\/wp-json\/wp\/v2\/categories?post=16081"},{"taxonomy":"post_tag","embeddable":true,"href":"https:\/\/chacosintesis.com.ar\/index.php\/wp-json\/wp\/v2\/tags?post=16081"}],"curies":[{"name":"wp","href":"https:\/\/api.w.org\/{rel}","templated":true}]}}