{"id":16064,"date":"2022-06-24T09:07:31","date_gmt":"2022-06-24T12:07:31","guid":{"rendered":"https:\/\/chacosintesis.com.ar\/?p=16064"},"modified":"2022-06-24T09:37:13","modified_gmt":"2022-06-24T12:37:13","slug":"el-26-y-27-de-julio-se-realizara-la-25-edicion-de-la-cabalgata-de-la-fe","status":"publish","type":"post","link":"https:\/\/chacosintesis.com.ar\/index.php\/el-26-y-27-de-julio-se-realizara-la-25-edicion-de-la-cabalgata-de-la-fe\/","title":{"rendered":"El 26 y 27 de Julio se realizar\u00e1 la 25\u00b0 edici\u00f3n de la Cabalgata de la Fe"},"content":{"rendered":"<p>Agrupaciones gauchas y tradicionalistas del Chaco se reunieron en la Sociedad Rural de Quitilipi a compartir el tradicional guiso de camarader\u00eda,  encuentro  en el que se coordinaron los detalles de lo que ser\u00e1 la 25\u00b0 edici\u00f3n de la Cabalgata de la F\u00e9 a realizarse los d\u00edas 26 y 27 de julio en honor a la Virgen Mar\u00eda, patrona del Chaco, y San Pantale\u00f3n patrono de los enfermos.<br \/>\n Como es habitual  fue  invitado el ex gobernador Angel Rozas en su car\u00e1cter de fundador de lo que a lo largo de estos a\u00f1os se ha convertido en una de las muestras de f\u00e9 m\u00e1s importantes del pa\u00eds en la que cada a\u00f1o miles de jinetes y peregrinos recorren los 75 kil\u00f3metros entre Quitilipi y el  Parque Provincial de Pampa del Indio. Estuvieron presentes intendentes de varias localidades quienes asumieron el compromiso de acompa\u00f1ar a los peregrinos aportando asistencia en lo que concierne a aguadas y alimento para los animales.<br \/>\nLos organizadores adelantaron que como en cada edici\u00f3n, el reconocido artista Chaque\u00f1o Palavecino ser\u00e1 la figura central del festival folcl\u00f3rico que se realiza como cierre de la Cabalgata de la F\u00e9 el 27 al mediod\u00eda una vez finalizada la misa central.<br \/>\nAl ser consultado sobre esta nueva edici\u00f3n de la Cabalgata, el ex gobernador, y fundador de esta muestra de f\u00e9, Angel Rozas, agradeci\u00f3 a las agrupaciones tradicionalistas y colaboradores  \u201cMe siento muy feliz de ver que, luego de 25 a\u00f1os,  lo que alguna vez fue un sue\u00f1o se ha convertido en una de las fiestas religiosas populares m\u00e1s importantes del pa\u00eds, ese fue el objetivo que me motiv\u00f3 en el inicio, los chaque\u00f1os somos un pueblo de profunda f\u00e9 y nos deb\u00edamos una convocatoria de estas caracter\u00edsticas\u201d<br \/>\n\u201cLa Cabalgata de la F\u00e9 es una manera de mantener vivas nuestras costumbres y tradiciones, y este a\u00f1o adem\u00e1s  tendr\u00e1 un significado especial por dos motivos esenciales, en primer lugar para recordar a Monse\u00f1or Fabriciano Sigampa fallecido hace poco tiempo porque fue una persona que contribuy\u00f3 much\u00edsimo para que esta cabalgata sea un s\u00edmbolo y patrimonio del Chaco, y porque luego de los momentos dif\u00edciles que hemos vivido como consecuencia de la pandemia COVID-19 ser\u00e1 el momento para recordar a quienes ya no est\u00e1n y tambi\u00e9n el reencuentro de miles de peregrinos en el camino de la f\u00e9\u201d.<\/p>\n","protected":false},"excerpt":{"rendered":"<p>Agrupaciones gauchas y tradicionalistas del Chaco se reunieron en la Sociedad Rural de Quitilipi a compartir el tradicional guiso de camarader\u00eda, encuentro en el que se coordinaron los detalles de lo que ser\u00e1 la 25\u00b0 edici\u00f3n de la Cabalgata de la F\u00e9 a realizarse los d\u00edas 26 y 27 de julio en honor a la [&hellip;]<\/p>\n","protected":false},"author":1,"featured_media":16065,"comment_status":"closed","ping_status":"closed","sticky":false,"template":"","format":"standard","meta":{"footnotes":""},"categories":[6],"tags":[],"class_list":{"0":"post-16064","1":"post","2":"type-post","3":"status-publish","4":"format-standard","5":"has-post-thumbnail","7":"category-chaco"},"_links":{"self":[{"href":"https:\/\/chacosintesis.com.ar\/index.php\/wp-json\/wp\/v2\/posts\/16064","targetHints":{"allow":["GET"]}}],"collection":[{"href":"https:\/\/chacosintesis.com.ar\/index.php\/wp-json\/wp\/v2\/posts"}],"about":[{"href":"https:\/\/chacosintesis.com.ar\/index.php\/wp-json\/wp\/v2\/types\/post"}],"author":[{"embeddable":true,"href":"https:\/\/chacosintesis.com.ar\/index.php\/wp-json\/wp\/v2\/users\/1"}],"replies":[{"embeddable":true,"href":"https:\/\/chacosintesis.com.ar\/index.php\/wp-json\/wp\/v2\/comments?post=16064"}],"version-history":[{"count":0,"href":"https:\/\/chacosintesis.com.ar\/index.php\/wp-json\/wp\/v2\/posts\/16064\/revisions"}],"wp:featuredmedia":[{"embeddable":true,"href":"https:\/\/chacosintesis.com.ar\/index.php\/wp-json\/wp\/v2\/media\/16065"}],"wp:attachment":[{"href":"https:\/\/chacosintesis.com.ar\/index.php\/wp-json\/wp\/v2\/media?parent=16064"}],"wp:term":[{"taxonomy":"category","embeddable":true,"href":"https:\/\/chacosintesis.com.ar\/index.php\/wp-json\/wp\/v2\/categories?post=16064"},{"taxonomy":"post_tag","embeddable":true,"href":"https:\/\/chacosintesis.com.ar\/index.php\/wp-json\/wp\/v2\/tags?post=16064"}],"curies":[{"name":"wp","href":"https:\/\/api.w.org\/{rel}","templated":true}]}}