{"id":16048,"date":"2022-06-23T14:39:17","date_gmt":"2022-06-23T17:39:17","guid":{"rendered":"https:\/\/chacosintesis.com.ar\/?p=16048"},"modified":"2022-06-23T15:07:26","modified_gmt":"2022-06-23T18:07:26","slug":"el-poder-legislativo-reconocio-a-la-fundacion-gaston","status":"publish","type":"post","link":"https:\/\/chacosintesis.com.ar\/index.php\/el-poder-legislativo-reconocio-a-la-fundacion-gaston\/","title":{"rendered":"El Poder Legislativo reconoci\u00f3 a la Fundaci\u00f3n Gast\u00f3n"},"content":{"rendered":"<p>En el marco de su 15\u00ba aniversario, la Legislatura chaque\u00f1a homenaje\u00f3 a la escuela de gesti\u00f3n social N\u00ba 9 Gast\u00f3n de los Santos destacando el trabajo que realiza por la inclusi\u00f3n social y su aporte a la sociedad. La ceremonia, encabezada por la presidenta Elida Cuesta, cont\u00f3 con la participaci\u00f3n de las legisladoras Andrea Charole, Gricelda Ojeda, Nicol\u00e1s Slimel y Jessica Ayala, quienes entregaron una placa de reconocimiento al titular de la instituci\u00f3n, Rub\u00e9n de los Santos.<br \/>\n Cuesta destac\u00f3 la iniciativa de la diputada Charole de homenajear a la fundaci\u00f3n y agradeci\u00f3 el trabajo de inclusi\u00f3n social que realiza. \u201cRub\u00e9n es el ejemplo m\u00e1s claro de c\u00f3mo canalizar el dolor y convertirlo en amor, solidaridad y en ayuda al que m\u00e1s lo necesita. Su trabajo nos llena de orgullo y debe ser un ejemplo que ilumine a nuestra sociedad en estos tiempos tan duros\u201d, manifest\u00f3.<br \/>\nAdem\u00e1s, la titular del cuerpo legislativo asegur\u00f3 que el trabajo que realiza Fundaci\u00f3n Gast\u00f3n demuestra que el deporte es la mejor herramienta de inclusi\u00f3n y contenci\u00f3n social, porque ayuda a inculcar valores a los j\u00f3venes.<br \/>\nPor su parte, la autora de la iniciativa manifest\u00f3 su alegr\u00eda al homenajear a una fundaci\u00f3n que realiza un aporte social fundamental para la comunidad. \u201cEstoy muy contenta de hacer este  homenaje a la fundaci\u00f3n que cumpli\u00f3 15 a\u00f1os de su creaci\u00f3n, esta fundaci\u00f3n es importante para las familias de Resistencia de la zona norte, que no \u00fanicamente trabaja en lo que es merendero, sino tambi\u00e9n en la inclusi\u00f3n de lo que es el deporte de nuestros j\u00f3venes y adolescentes\u201d, manifest\u00f3 Charole.<br \/>\n\u201cEsto nos motiva a seguir en este camino\u201d<br \/>\nDe los Santos alent\u00f3 a todos los chaque\u00f1os a trabajar en los lugares carenciados, extendiendo la mano a los m\u00e1s necesitados. \u201cTenemos la fortaleza de saber que todo lo que so\u00f1amos, con mucho esfuerzo, lo fuimos cumpliendo. Ese gran trabajo es un legado que queda para la sociedad y este reconocimiento nos motiva a seguir este camino de entrega y solidaridad con los que menos tienen\u201d, asever\u00f3.<\/p>\n","protected":false},"excerpt":{"rendered":"<p>En el marco de su 15\u00ba aniversario, la Legislatura chaque\u00f1a homenaje\u00f3 a la escuela de gesti\u00f3n social N\u00ba 9 Gast\u00f3n de los Santos destacando el trabajo que realiza por la inclusi\u00f3n social y su aporte a la sociedad. La ceremonia, encabezada por la presidenta Elida Cuesta, cont\u00f3 con la participaci\u00f3n de las legisladoras Andrea Charole, [&hellip;]<\/p>\n","protected":false},"author":1,"featured_media":16049,"comment_status":"closed","ping_status":"closed","sticky":false,"template":"","format":"standard","meta":{"footnotes":""},"categories":[6],"tags":[],"class_list":{"0":"post-16048","1":"post","2":"type-post","3":"status-publish","4":"format-standard","5":"has-post-thumbnail","7":"category-chaco"},"_links":{"self":[{"href":"https:\/\/chacosintesis.com.ar\/index.php\/wp-json\/wp\/v2\/posts\/16048","targetHints":{"allow":["GET"]}}],"collection":[{"href":"https:\/\/chacosintesis.com.ar\/index.php\/wp-json\/wp\/v2\/posts"}],"about":[{"href":"https:\/\/chacosintesis.com.ar\/index.php\/wp-json\/wp\/v2\/types\/post"}],"author":[{"embeddable":true,"href":"https:\/\/chacosintesis.com.ar\/index.php\/wp-json\/wp\/v2\/users\/1"}],"replies":[{"embeddable":true,"href":"https:\/\/chacosintesis.com.ar\/index.php\/wp-json\/wp\/v2\/comments?post=16048"}],"version-history":[{"count":0,"href":"https:\/\/chacosintesis.com.ar\/index.php\/wp-json\/wp\/v2\/posts\/16048\/revisions"}],"wp:featuredmedia":[{"embeddable":true,"href":"https:\/\/chacosintesis.com.ar\/index.php\/wp-json\/wp\/v2\/media\/16049"}],"wp:attachment":[{"href":"https:\/\/chacosintesis.com.ar\/index.php\/wp-json\/wp\/v2\/media?parent=16048"}],"wp:term":[{"taxonomy":"category","embeddable":true,"href":"https:\/\/chacosintesis.com.ar\/index.php\/wp-json\/wp\/v2\/categories?post=16048"},{"taxonomy":"post_tag","embeddable":true,"href":"https:\/\/chacosintesis.com.ar\/index.php\/wp-json\/wp\/v2\/tags?post=16048"}],"curies":[{"name":"wp","href":"https:\/\/api.w.org\/{rel}","templated":true}]}}