{"id":16010,"date":"2022-06-23T08:44:25","date_gmt":"2022-06-23T11:44:25","guid":{"rendered":"https:\/\/chacosintesis.com.ar\/?p=16010"},"modified":"2022-06-23T09:07:01","modified_gmt":"2022-06-23T12:07:01","slug":"declaran-de-interes-legislativo-el-5-festival-del-gaucho-en-colonia-popular","status":"publish","type":"post","link":"https:\/\/chacosintesis.com.ar\/index.php\/declaran-de-interes-legislativo-el-5-festival-del-gaucho-en-colonia-popular\/","title":{"rendered":"Declaran de inter\u00e9s legislativo el 5\u00b0 festival del gaucho en Colonia Popular"},"content":{"rendered":"<p>Este martes 21 fue lanzado oficialmente el Quinto Gran Festival del Gaucho Colonia Popular, que fue declarado de inter\u00e9s legislativo por iniciativa de la diputada Claudia Panzardi.<br \/>\nEl lanzamiento oficial tuvo lugar durante  una conferencia de prensa en la Oficina de Informes Tur\u00edsticos, ubicada en el Parque de la Democracia de Resistencia (Chaco. El Festival cuenta con el auspicio del Instituto de Turismo Chaco; de Loter\u00eda de Chaque\u00f1a y de la Municipalidad de Colonia Popular.<br \/>\nComo ya es tradici\u00f3n, este nuevo Gran Festival del Gaucho se realizar\u00e1 dentro del marco del 206\u00ba aniversario de la Independencia Argentina del pr\u00f3ximo 9 de Julio en Colonia Popular<br \/>\nDurante la conferencia de prensa participaron  el presidente del Instituto de Turismo del Chaco Ariel Ibarra; la diputada provincial Claudia Panzardi; el Intendente Municipal de Colonia Popular Juan Carlos Plozzer; el Secretario de Gobierno del Municipio de Colonia Popular Carlos Pertile; el presidente del Concejo Municipal  Fabio Alberto Calabroni; representantes de la Agrupaci\u00f3n El Gaucho de Colonia Popular y el Coordinador del Festival  Beto G\u00f3mez.<br \/>\nCada uno de los funcionarios en la Conferencia de Prensa destacaron la realizaci\u00f3n del Quinto Gran Festival del Gaucho en Colonia Popular porque \u201ccontribuye a fortalecer nuestras costumbres y  ra\u00edces tradicionalista\u201d, remarcaron entre otros conceptos.<br \/>\nLos preparativos para el Gran Festival<br \/>\nSeg\u00fan se inform\u00f3, este Gran Festival del Gaucho como ya es costumbre, convocar\u00e1 a centenares de jinetes que se har\u00e1n presentes con sus respectivos atuendos gauchescos y a una multitud de pobladores de la localidad, pueblos vecinos y de las provincias de Corrientes, Santa fe, Formosa, entre otras.<br \/>\nDe acuerdo con lo que se adelant\u00f3 en conferencia de prensa, est\u00e1n invitadas agrupaciones gauchas de Resistencia y del interior de nuestra provincia. \u201cContaremos con Seis Tropillas en el Ruedo: La Criolla de Juan Fern\u00e1ndez de Las Bre\u00f1as;(Chaco); El Redom\u00f3n de Cardozo de Villa Berthet (Chaco); La Andariega de los hermanos Fern\u00e1ndez de Las Bre\u00f1as (Chaco) y La Sin Frontera de Danilo Cardozo de Villa Berthet Chaco); El Indio de Ibarra de la provincia de Corrientes y  El Cencerro de Branco Pizioni de Arruf\u00f3 (Santa F\u00e9). Contaremos con m\u00e1s de 80 montas con jinetes de Corrientes, Chaco, Santa Fe y Formosa\u201d expresaron los organizadores.<\/p>\n","protected":false},"excerpt":{"rendered":"<p>Este martes 21 fue lanzado oficialmente el Quinto Gran Festival del Gaucho Colonia Popular, que fue declarado de inter\u00e9s legislativo por iniciativa de la diputada Claudia Panzardi. El lanzamiento oficial tuvo lugar durante una conferencia de prensa en la Oficina de Informes Tur\u00edsticos, ubicada en el Parque de la Democracia de Resistencia (Chaco. El Festival [&hellip;]<\/p>\n","protected":false},"author":1,"featured_media":16011,"comment_status":"closed","ping_status":"closed","sticky":false,"template":"","format":"standard","meta":{"footnotes":""},"categories":[6],"tags":[],"class_list":{"0":"post-16010","1":"post","2":"type-post","3":"status-publish","4":"format-standard","5":"has-post-thumbnail","7":"category-chaco"},"_links":{"self":[{"href":"https:\/\/chacosintesis.com.ar\/index.php\/wp-json\/wp\/v2\/posts\/16010","targetHints":{"allow":["GET"]}}],"collection":[{"href":"https:\/\/chacosintesis.com.ar\/index.php\/wp-json\/wp\/v2\/posts"}],"about":[{"href":"https:\/\/chacosintesis.com.ar\/index.php\/wp-json\/wp\/v2\/types\/post"}],"author":[{"embeddable":true,"href":"https:\/\/chacosintesis.com.ar\/index.php\/wp-json\/wp\/v2\/users\/1"}],"replies":[{"embeddable":true,"href":"https:\/\/chacosintesis.com.ar\/index.php\/wp-json\/wp\/v2\/comments?post=16010"}],"version-history":[{"count":0,"href":"https:\/\/chacosintesis.com.ar\/index.php\/wp-json\/wp\/v2\/posts\/16010\/revisions"}],"wp:featuredmedia":[{"embeddable":true,"href":"https:\/\/chacosintesis.com.ar\/index.php\/wp-json\/wp\/v2\/media\/16011"}],"wp:attachment":[{"href":"https:\/\/chacosintesis.com.ar\/index.php\/wp-json\/wp\/v2\/media?parent=16010"}],"wp:term":[{"taxonomy":"category","embeddable":true,"href":"https:\/\/chacosintesis.com.ar\/index.php\/wp-json\/wp\/v2\/categories?post=16010"},{"taxonomy":"post_tag","embeddable":true,"href":"https:\/\/chacosintesis.com.ar\/index.php\/wp-json\/wp\/v2\/tags?post=16010"}],"curies":[{"name":"wp","href":"https:\/\/api.w.org\/{rel}","templated":true}]}}