{"id":15999,"date":"2022-06-22T11:23:10","date_gmt":"2022-06-22T14:23:10","guid":{"rendered":"https:\/\/chacosintesis.com.ar\/?p=15999"},"modified":"2022-06-22T11:36:40","modified_gmt":"2022-06-22T14:36:40","slug":"el-gobernador-capitanich-participo-del-10-aniversario-del-iprodich","status":"publish","type":"post","link":"https:\/\/chacosintesis.com.ar\/index.php\/el-gobernador-capitanich-participo-del-10-aniversario-del-iprodich\/","title":{"rendered":"El gobernador Capitanich particip\u00f3 del 10\u00b0 Aniversario del IPRODICH"},"content":{"rendered":"<p>Esta ma\u00f1ana, el Instituto Para la Inclusi\u00f3n de Personas con Discapacidad celebr\u00f3 10 a\u00f1os de su institucionalizaci\u00f3n en la sede central de Resistencia. El gobernador Jorge Milton Capitanich particip\u00f3 de las celebraciones, acompa\u00f1ado de funcionarios provinciales.<br \/>\nEn primer lugar, el gobernador record\u00f3 que \u201cen el 2007 la provincia del Chaco ten\u00eda en el ejercicio 26.000 personas que pod\u00edan acceder a la pensi\u00f3n no contributiva; hoy hay 102.000\u201d. \u201cEso signific\u00f3 un derecho social para muchas familias que permiti\u00f3 tener un cobertura m\u00e9dica y la percepci\u00f3n de un ingreso para ejercicio de otras prestaciones complementarias\u201d, agreg\u00f3.<br \/>\nAs\u00ed tambi\u00e9n, haciendo un repaso hist\u00f3rico, destac\u00f3 la creaci\u00f3n del instituto provincial y la realizaci\u00f3n del Congreso Internacional de Discapacidad \u201cen forma sistem\u00e1tica y reiterada como un espacio para el debate y la implementaci\u00f3n de recomendaciones para el mejoramiento de la calidad de vida de las personas\u201d.<br \/>\nPor otra parte, Capiitanich detall\u00f3 una serie de logros significativos a lo largo de estos 10 a\u00f1os: \u201c45.113 certificados \u00fanicos de discapacidad emitidos, 13.247 ayudas t\u00e9cnicas y sociales entregadas, 2700 solicitudes de viviendas y mejoras habitacionales, 39.800 personas registradas, 213.400 visitas atendidas, 711.437 personas sensibilizadas presencial y virtualmente, inauguraci\u00f3n de la sede central, boleter\u00eda \u00fanica accesible y sedes en el interior\u201d.<br \/>\nEn relaci\u00f3n a esto remarc\u00f3 que \u201cnos parece muy importante como pol\u00edtica de estado ya que tiene el consenso de todo el sistema pol\u00edtico y la participaci\u00f3n activa de las organizaciones representativas del sector\u201d. \u201cSon las que inspiran con recomendaciones y propuestas la ejecuci\u00f3n de pol\u00edticas p\u00fablicas para mejorar la calidad de vida de las personas con discapacidad\u201d, agreg\u00f3.<br \/>\nPor otra parte, el gobernador se refiri\u00f3 al lanzamiento del programa para reducir la informalidad laboral, con est\u00edmulos por parte de pol\u00edticas p\u00fablicas. \u201cEn ese sentido, para las personas con discapacidad vamos a lanzar un subsidio directo para el empleador, equivalente a 45 mil pesos por 24 meses; es decir, que cada empleador que toma como trabajador a una persona con discapacidad, con el certificado correspondiente, va a tener dicho subsidio\u201d, explic\u00f3.<br \/>\nPor otro lado, destac\u00f3 que \u201cpara los trabajadores de este instituto, a partir de la semana pr\u00f3xima se establecer\u00e1 una bonificaci\u00f3n especial en virtud del trabajo que realizan\u201d. En este sentido, agradeci\u00f3 a \u201clas instituciones proveedoras de servicios, organizaciones no gubernamentales, a las organizaciones representativas del sector por la enorme cooperaci\u00f3n y colaboraci\u00f3n durante la pandemia. El trabajo que han hecho es extraordinario\u201d, concluy\u00f3.<br \/>\nPor su parte, el presidente del IPRODICH, Isidro Jos\u00e9 Lorenzo manifest\u00f3: \u201cSeguimos teniendo el mismo sue\u00f1o compartido, darle voz a los que no la tienen, reparar derechos, generar igualdad de oportunidades y una cultura del trabajo basada en el respeto por el otro\u201d.<br \/>\n\u201cAs\u00ed como hemos generado muchas soluciones, tenemos muchos compromisos todav\u00eda por delante, como generar dispositivos permanentes y transitorios para personas con discapacidad, sistemas de apoyo para que puedan iniciarse, permanecer y terminar su formaci\u00f3n educativa, soluciones habitacionales y profundizar en pol\u00edticas p\u00fablicas que las incluyan en el \u00e1mbito laboral\u201d, se\u00f1al\u00f3 Lorenzo y destac\u00f3 que \u201cmuchas de estas acciones, ya est\u00e1n siendo llevadas adelante por el gobierno provincial\u201d.<br \/>\nFinalmente, agradeci\u00f3 \u201cal gobernador y su equipo por su sensibilidad, compromiso, acompa\u00f1amiento y confianza;  a los diputados que hicieron posible que la ley sea una realidad,  y a todas las personas que forman parte de la familia IPRODICH\u201d.<\/p>\n","protected":false},"excerpt":{"rendered":"<p>Esta ma\u00f1ana, el Instituto Para la Inclusi\u00f3n de Personas con Discapacidad celebr\u00f3 10 a\u00f1os de su institucionalizaci\u00f3n en la sede central de Resistencia. El gobernador Jorge Milton Capitanich particip\u00f3 de las celebraciones, acompa\u00f1ado de funcionarios provinciales. En primer lugar, el gobernador record\u00f3 que \u201cen el 2007 la provincia del Chaco ten\u00eda en el ejercicio 26.000 [&hellip;]<\/p>\n","protected":false},"author":1,"featured_media":16000,"comment_status":"closed","ping_status":"closed","sticky":false,"template":"","format":"standard","meta":{"footnotes":""},"categories":[6],"tags":[],"class_list":{"0":"post-15999","1":"post","2":"type-post","3":"status-publish","4":"format-standard","5":"has-post-thumbnail","7":"category-chaco"},"_links":{"self":[{"href":"https:\/\/chacosintesis.com.ar\/index.php\/wp-json\/wp\/v2\/posts\/15999","targetHints":{"allow":["GET"]}}],"collection":[{"href":"https:\/\/chacosintesis.com.ar\/index.php\/wp-json\/wp\/v2\/posts"}],"about":[{"href":"https:\/\/chacosintesis.com.ar\/index.php\/wp-json\/wp\/v2\/types\/post"}],"author":[{"embeddable":true,"href":"https:\/\/chacosintesis.com.ar\/index.php\/wp-json\/wp\/v2\/users\/1"}],"replies":[{"embeddable":true,"href":"https:\/\/chacosintesis.com.ar\/index.php\/wp-json\/wp\/v2\/comments?post=15999"}],"version-history":[{"count":0,"href":"https:\/\/chacosintesis.com.ar\/index.php\/wp-json\/wp\/v2\/posts\/15999\/revisions"}],"wp:featuredmedia":[{"embeddable":true,"href":"https:\/\/chacosintesis.com.ar\/index.php\/wp-json\/wp\/v2\/media\/16000"}],"wp:attachment":[{"href":"https:\/\/chacosintesis.com.ar\/index.php\/wp-json\/wp\/v2\/media?parent=15999"}],"wp:term":[{"taxonomy":"category","embeddable":true,"href":"https:\/\/chacosintesis.com.ar\/index.php\/wp-json\/wp\/v2\/categories?post=15999"},{"taxonomy":"post_tag","embeddable":true,"href":"https:\/\/chacosintesis.com.ar\/index.php\/wp-json\/wp\/v2\/tags?post=15999"}],"curies":[{"name":"wp","href":"https:\/\/api.w.org\/{rel}","templated":true}]}}