{"id":15989,"date":"2022-06-21T21:18:10","date_gmt":"2022-06-22T00:18:10","guid":{"rendered":"https:\/\/chacosintesis.com.ar\/?p=15989"},"modified":"2022-06-21T21:37:32","modified_gmt":"2022-06-22T00:37:32","slug":"tevez-fue-presentado-en-rosario-central-es-un-gigante-dormido-tiene-que-despertar","status":"publish","type":"post","link":"https:\/\/chacosintesis.com.ar\/index.php\/tevez-fue-presentado-en-rosario-central-es-un-gigante-dormido-tiene-que-despertar\/","title":{"rendered":"Tevez fue presentado en Rosario Central: &#8220;Es un gigante dormido, tiene que despertar&#8221;"},"content":{"rendered":"<p>Lleg\u00f3 el d\u00eda. A una semana de la salida de Leandro Somoza como entrenador de Rosario Central, el Canalla present\u00f3 hoy a su nuevo director t\u00e9cnico y no es uno m\u00e1s: Carlos Tevez asumi\u00f3 como flamante DT de Central en lo que ser\u00e1 su primera experiencia como entrenador. El Apache dirigi\u00f3 su primera pr\u00e1ctica y por la noche brind\u00f3 una conferencia de prensa.<br \/>\n&#8220;El primer desaf\u00edo como t\u00e9cnico lo agarro en Central por su gente. Estuve en muchos clubes, pero Rosario tiene ese plus de la gente&#8221;, expres\u00f3 Carlitos en su presentaci\u00f3n. Y a\u00f1adi\u00f3: &#8220;Es un gigante dormido, tiene que despertar. Tenemos que llevar este club a otro paso, que es competir&#8221;.<br \/>\nTevez, que estar\u00e1 acompa\u00f1ado por Carlos Retegui como ayudante de campo, estuvo anoche viendo a sus futuros dirigidos en la derrota ante V\u00e9lez en Liniers, hoy dirigi\u00f3 la primera pr\u00e1ctica y fue presentado en conferencia de prensa en el Gigante de Arroyito.<br \/>\nFuente: TyCSports<\/p>\n","protected":false},"excerpt":{"rendered":"<p>Lleg\u00f3 el d\u00eda. A una semana de la salida de Leandro Somoza como entrenador de Rosario Central, el Canalla present\u00f3 hoy a su nuevo director t\u00e9cnico y no es uno m\u00e1s: Carlos Tevez asumi\u00f3 como flamante DT de Central en lo que ser\u00e1 su primera experiencia como entrenador. El Apache dirigi\u00f3 su primera pr\u00e1ctica y [&hellip;]<\/p>\n","protected":false},"author":1,"featured_media":15990,"comment_status":"closed","ping_status":"closed","sticky":false,"template":"","format":"standard","meta":{"footnotes":""},"categories":[6],"tags":[],"class_list":{"0":"post-15989","1":"post","2":"type-post","3":"status-publish","4":"format-standard","5":"has-post-thumbnail","7":"category-chaco"},"_links":{"self":[{"href":"https:\/\/chacosintesis.com.ar\/index.php\/wp-json\/wp\/v2\/posts\/15989","targetHints":{"allow":["GET"]}}],"collection":[{"href":"https:\/\/chacosintesis.com.ar\/index.php\/wp-json\/wp\/v2\/posts"}],"about":[{"href":"https:\/\/chacosintesis.com.ar\/index.php\/wp-json\/wp\/v2\/types\/post"}],"author":[{"embeddable":true,"href":"https:\/\/chacosintesis.com.ar\/index.php\/wp-json\/wp\/v2\/users\/1"}],"replies":[{"embeddable":true,"href":"https:\/\/chacosintesis.com.ar\/index.php\/wp-json\/wp\/v2\/comments?post=15989"}],"version-history":[{"count":0,"href":"https:\/\/chacosintesis.com.ar\/index.php\/wp-json\/wp\/v2\/posts\/15989\/revisions"}],"wp:featuredmedia":[{"embeddable":true,"href":"https:\/\/chacosintesis.com.ar\/index.php\/wp-json\/wp\/v2\/media\/15990"}],"wp:attachment":[{"href":"https:\/\/chacosintesis.com.ar\/index.php\/wp-json\/wp\/v2\/media?parent=15989"}],"wp:term":[{"taxonomy":"category","embeddable":true,"href":"https:\/\/chacosintesis.com.ar\/index.php\/wp-json\/wp\/v2\/categories?post=15989"},{"taxonomy":"post_tag","embeddable":true,"href":"https:\/\/chacosintesis.com.ar\/index.php\/wp-json\/wp\/v2\/tags?post=15989"}],"curies":[{"name":"wp","href":"https:\/\/api.w.org\/{rel}","templated":true}]}}