{"id":15983,"date":"2022-04-22T16:45:00","date_gmt":"2022-04-22T19:45:00","guid":{"rendered":"https:\/\/chacosintesis.com.ar\/?p=15983"},"modified":"2022-06-21T18:48:56","modified_gmt":"2022-06-21T21:48:56","slug":"alumnos-de-los-girasoles-tendran-una-pasantia-laboral-en-el-poder-legislativo","status":"publish","type":"post","link":"https:\/\/chacosintesis.com.ar\/index.php\/alumnos-de-los-girasoles-tendran-una-pasantia-laboral-en-el-poder-legislativo\/","title":{"rendered":"<strong>Alumnos de Los Girasoles tendr\u00e1n una pasant\u00eda laboral en el Poder Legislativo<\/strong>"},"content":{"rendered":"\n<figure class=\"wp-block-image size-large\"><img decoding=\"async\" src=\"data:image\/gif;base64,R0lGODlhAQABAIAAAAAAAP\/\/\/ywAAAAAAQABAAACAUwAOw==\" fifu-lazy=\"1\" fifu-data-sizes=\"auto\" fifu-data-srcset=\"https:\/\/i2.wp.com\/chacosintesis.com.ar\/wp-content\/uploads\/2022\/06\/WhatsApp-Image-2022-04-22-at-11.12.13-AM-1-1024x678.jpeg?ssl=1&w=75&resize=75&ssl=1 75w, https:\/\/i2.wp.com\/chacosintesis.com.ar\/wp-content\/uploads\/2022\/06\/WhatsApp-Image-2022-04-22-at-11.12.13-AM-1-1024x678.jpeg?ssl=1&w=100&resize=100&ssl=1 100w, https:\/\/i2.wp.com\/chacosintesis.com.ar\/wp-content\/uploads\/2022\/06\/WhatsApp-Image-2022-04-22-at-11.12.13-AM-1-1024x678.jpeg?ssl=1&w=150&resize=150&ssl=1 150w, https:\/\/i2.wp.com\/chacosintesis.com.ar\/wp-content\/uploads\/2022\/06\/WhatsApp-Image-2022-04-22-at-11.12.13-AM-1-1024x678.jpeg?ssl=1&w=240&resize=240&ssl=1 240w, https:\/\/i2.wp.com\/chacosintesis.com.ar\/wp-content\/uploads\/2022\/06\/WhatsApp-Image-2022-04-22-at-11.12.13-AM-1-1024x678.jpeg?ssl=1&w=320&resize=320&ssl=1 320w, https:\/\/i2.wp.com\/chacosintesis.com.ar\/wp-content\/uploads\/2022\/06\/WhatsApp-Image-2022-04-22-at-11.12.13-AM-1-1024x678.jpeg?ssl=1&w=500&resize=500&ssl=1 500w, https:\/\/i2.wp.com\/chacosintesis.com.ar\/wp-content\/uploads\/2022\/06\/WhatsApp-Image-2022-04-22-at-11.12.13-AM-1-1024x678.jpeg?ssl=1&w=640&resize=640&ssl=1 640w, https:\/\/i2.wp.com\/chacosintesis.com.ar\/wp-content\/uploads\/2022\/06\/WhatsApp-Image-2022-04-22-at-11.12.13-AM-1-1024x678.jpeg?ssl=1&w=800&resize=800&ssl=1 800w, https:\/\/i2.wp.com\/chacosintesis.com.ar\/wp-content\/uploads\/2022\/06\/WhatsApp-Image-2022-04-22-at-11.12.13-AM-1-1024x678.jpeg?ssl=1&w=1024&resize=1024&ssl=1 1024w, https:\/\/i2.wp.com\/chacosintesis.com.ar\/wp-content\/uploads\/2022\/06\/WhatsApp-Image-2022-04-22-at-11.12.13-AM-1-1024x678.jpeg?ssl=1&w=1280&resize=1280&ssl=1 1280w, https:\/\/i2.wp.com\/chacosintesis.com.ar\/wp-content\/uploads\/2022\/06\/WhatsApp-Image-2022-04-22-at-11.12.13-AM-1-1024x678.jpeg?ssl=1&w=1600&resize=1600&ssl=1 1600w\" fifu-data-src=\"https:\/\/i2.wp.com\/chacosintesis.com.ar\/wp-content\/uploads\/2022\/06\/WhatsApp-Image-2022-04-22-at-11.12.13-AM-1-1024x678.jpeg?ssl=1\" alt=\"\" class=\"wp-image-15984\"\/><\/figure>\n\n\n\n<p>Con la premisa de transitar hacia una verdadera inclusi\u00f3n, la presidenta del Poder Legislativo, Elida Cuesta, &nbsp;firm\u00f3 un convenio con el Centro Educativo Terap\u00e9utico y de Estimulaci\u00f3n Temprana Los Girasoles UEP N\u00ba 99 para la educaci\u00f3n y el entrenamiento laboral de Dami\u00e1n Mazo e Inti Joaqu\u00edn Acu\u00f1a, j\u00f3venes con discapacidad que prestar\u00e1n servicio en la Direcci\u00f3n de Ceremonial y Protocolo de la Casa de la Democracia.<\/p>\n\n\n\n<p>La pasant\u00eda tiene por objeto que los j\u00f3venes realicen pr\u00e1cticas relacionadas con la formaci\u00f3n y la educaci\u00f3n en la Legislatura con el control de la instituci\u00f3n a la que pertenecen.<\/p>\n\n\n\n<p>Cuesta resalt\u00f3 que la Legislatura chaque\u00f1a es pionera en firmar un convenio de acciones de entrenamiento para el trabajo en el sector p\u00fablico y remarc\u00f3 la importancia de transitar hacia una verdadera inclusi\u00f3n. \u201cNos llena de emoci\u00f3n abrirles las puertas de nuestra instituci\u00f3n a Dami\u00e1n e Inti, creemos que la inclusi\u00f3n se realiza con acciones concretas y esta es una de ellas. Esta pasant\u00eda es para aprender y nosotros estamos orgullosos de acompa\u00f1arlos en este proceso\u201d, manifest\u00f3.<\/p>\n\n\n\n<p>Asimismo, la legisladora invit\u00f3 a las instituciones privadas y p\u00fablicas a apostar a la inclusi\u00f3n. \u201cDebemos dejar de lado los prejuicios, brindar a todos los chaque\u00f1os y las chaque\u00f1as igualdad de oportunidades y construir entre todos una provincia m\u00e1s justa y con m\u00e1s inclusi\u00f3n\u201d, asever\u00f3. \u00a0<\/p>\n\n\n\n<p><strong>\u201cEl trabajo dignifica y ordena la vida\u201d<\/strong><\/p>\n\n\n\n<p>La directora del Centro Educativo Terap\u00e9utico y de Estimulaci\u00f3n Temprana Los Girasoles, Roc\u00edo Delssin, agradeci\u00f3 a la instituci\u00f3n por apostar a la inclusi\u00f3n e invit\u00f3 a m\u00e1s chaque\u00f1os a abrirles las puertas del mundo laboral, para que m\u00e1s j\u00f3venes con discapacidad se sientan activos para la sociedad. \u201cEstamos emocionados y agradecidos porque nos abrieron las puertas, porque apuestan a una verdadera inclusi\u00f3n de estos chicos que quieren superarse y formar parte de la sociedad; sabemos que el trabajo dignifica y ordena la vida, por eso todos debemos tener la oportunidad de acceder a ese derecho\u201d, manifest\u00f3.<\/p>\n\n\n\n<p>Por su parte, Inti Joaqu\u00edn Acu\u00f1a agradeci\u00f3 la oportunidad y remarc\u00f3 que \u201chay mucha gente que no tiene estas posibilidades que hoy nos brinda la Legislatura; a nosotros nos cuesta mucho todo, por eso estas acciones nos dan mucha fuerza para seguir luchando para salir adelante y la esperanza de construir una provincia mejor entre todos\u201d.<\/p>\n","protected":false},"excerpt":{"rendered":"<p>Con la premisa de transitar hacia una verdadera inclusi\u00f3n, la presidenta del Poder Legislativo, Elida Cuesta, &nbsp;firm\u00f3 un convenio con el Centro Educativo Terap\u00e9utico y de Estimulaci\u00f3n Temprana Los Girasoles UEP N\u00ba 99 para la educaci\u00f3n y el entrenamiento laboral de Dami\u00e1n Mazo e Inti Joaqu\u00edn Acu\u00f1a, j\u00f3venes con discapacidad que prestar\u00e1n servicio en la [&hellip;]<\/p>\n","protected":false},"author":1,"featured_media":0,"comment_status":"closed","ping_status":"closed","sticky":false,"template":"","format":"standard","meta":{"footnotes":""},"categories":[6],"tags":[],"class_list":{"0":"post-15983","1":"post","2":"type-post","3":"status-publish","4":"format-standard","6":"category-chaco"},"_links":{"self":[{"href":"https:\/\/chacosintesis.com.ar\/index.php\/wp-json\/wp\/v2\/posts\/15983","targetHints":{"allow":["GET"]}}],"collection":[{"href":"https:\/\/chacosintesis.com.ar\/index.php\/wp-json\/wp\/v2\/posts"}],"about":[{"href":"https:\/\/chacosintesis.com.ar\/index.php\/wp-json\/wp\/v2\/types\/post"}],"author":[{"embeddable":true,"href":"https:\/\/chacosintesis.com.ar\/index.php\/wp-json\/wp\/v2\/users\/1"}],"replies":[{"embeddable":true,"href":"https:\/\/chacosintesis.com.ar\/index.php\/wp-json\/wp\/v2\/comments?post=15983"}],"version-history":[{"count":0,"href":"https:\/\/chacosintesis.com.ar\/index.php\/wp-json\/wp\/v2\/posts\/15983\/revisions"}],"wp:attachment":[{"href":"https:\/\/chacosintesis.com.ar\/index.php\/wp-json\/wp\/v2\/media?parent=15983"}],"wp:term":[{"taxonomy":"category","embeddable":true,"href":"https:\/\/chacosintesis.com.ar\/index.php\/wp-json\/wp\/v2\/categories?post=15983"},{"taxonomy":"post_tag","embeddable":true,"href":"https:\/\/chacosintesis.com.ar\/index.php\/wp-json\/wp\/v2\/tags?post=15983"}],"curies":[{"name":"wp","href":"https:\/\/api.w.org\/{rel}","templated":true}]}}