{"id":15978,"date":"2022-04-26T18:40:00","date_gmt":"2022-04-26T21:40:00","guid":{"rendered":"https:\/\/chacosintesis.com.ar\/?p=15978"},"modified":"2022-06-21T18:42:18","modified_gmt":"2022-06-21T21:42:18","slug":"diputados-recorrieron-instituciones-empresas-y-emprendimientos-productivos-en-charata","status":"publish","type":"post","link":"https:\/\/chacosintesis.com.ar\/index.php\/diputados-recorrieron-instituciones-empresas-y-emprendimientos-productivos-en-charata\/","title":{"rendered":"<strong>Diputados recorrieron instituciones, empresas y emprendimientos productivos en Charata<\/strong>"},"content":{"rendered":"\n<figure class=\"wp-block-image size-large\"><img decoding=\"async\" src=\"data:image\/gif;base64,R0lGODlhAQABAIAAAAAAAP\/\/\/ywAAAAAAQABAAACAUwAOw==\" fifu-lazy=\"1\" fifu-data-sizes=\"auto\" fifu-data-srcset=\"https:\/\/i1.wp.com\/chacosintesis.com.ar\/wp-content\/uploads\/2022\/06\/Recorrida2-1024x682.jpg?ssl=1&w=75&resize=75&ssl=1 75w, https:\/\/i1.wp.com\/chacosintesis.com.ar\/wp-content\/uploads\/2022\/06\/Recorrida2-1024x682.jpg?ssl=1&w=100&resize=100&ssl=1 100w, https:\/\/i1.wp.com\/chacosintesis.com.ar\/wp-content\/uploads\/2022\/06\/Recorrida2-1024x682.jpg?ssl=1&w=150&resize=150&ssl=1 150w, https:\/\/i1.wp.com\/chacosintesis.com.ar\/wp-content\/uploads\/2022\/06\/Recorrida2-1024x682.jpg?ssl=1&w=240&resize=240&ssl=1 240w, https:\/\/i1.wp.com\/chacosintesis.com.ar\/wp-content\/uploads\/2022\/06\/Recorrida2-1024x682.jpg?ssl=1&w=320&resize=320&ssl=1 320w, https:\/\/i1.wp.com\/chacosintesis.com.ar\/wp-content\/uploads\/2022\/06\/Recorrida2-1024x682.jpg?ssl=1&w=500&resize=500&ssl=1 500w, https:\/\/i1.wp.com\/chacosintesis.com.ar\/wp-content\/uploads\/2022\/06\/Recorrida2-1024x682.jpg?ssl=1&w=640&resize=640&ssl=1 640w, https:\/\/i1.wp.com\/chacosintesis.com.ar\/wp-content\/uploads\/2022\/06\/Recorrida2-1024x682.jpg?ssl=1&w=800&resize=800&ssl=1 800w, https:\/\/i1.wp.com\/chacosintesis.com.ar\/wp-content\/uploads\/2022\/06\/Recorrida2-1024x682.jpg?ssl=1&w=1024&resize=1024&ssl=1 1024w, https:\/\/i1.wp.com\/chacosintesis.com.ar\/wp-content\/uploads\/2022\/06\/Recorrida2-1024x682.jpg?ssl=1&w=1280&resize=1280&ssl=1 1280w, https:\/\/i1.wp.com\/chacosintesis.com.ar\/wp-content\/uploads\/2022\/06\/Recorrida2-1024x682.jpg?ssl=1&w=1600&resize=1600&ssl=1 1600w\" fifu-data-src=\"https:\/\/i1.wp.com\/chacosintesis.com.ar\/wp-content\/uploads\/2022\/06\/Recorrida2-1024x682.jpg?ssl=1\" alt=\"\" class=\"wp-image-15979\"\/><\/figure>\n\n\n\n<p>En el marco de la sesi\u00f3n ordinaria que se realizar\u00e1 este mi\u00e9rcoles en la EEP N\u00ba 173 Malvinas Argentinas, la presidenta del Poder Legislativo, Elida Cuesta, junto a diputadas y diputados de diferentes bloques pol\u00edticos, la intendenta Alejandra Campos y concejales, recorri\u00f3 las distintas instituciones, empresas y emprendimientos productivos de la ciudad. El recorrido comenz\u00f3 con la visita al Cuartel de Bomberos Voluntarios, el frigor\u00edfico Mercosur SA, la instituci\u00f3n educativa de oficios de la Fundaci\u00f3n Solidagro y culmin\u00f3 con la visita a la escuela t\u00e9cnica EET N\u00ba 29 Domingo Carlisi, una instituci\u00f3n ejemplar donde se forman las y &nbsp;los j\u00f3venes charatenses<\/p>\n\n\n\n<figure class=\"wp-block-image size-large\"><img decoding=\"async\" src=\"data:image\/gif;base64,R0lGODlhAQABAIAAAAAAAP\/\/\/ywAAAAAAQABAAACAUwAOw==\" fifu-lazy=\"1\" fifu-data-sizes=\"auto\" fifu-data-srcset=\"https:\/\/i3.wp.com\/chacosintesis.com.ar\/wp-content\/uploads\/2022\/06\/Recorrida3-1024x678.jpg?ssl=1&w=75&resize=75&ssl=1 75w, https:\/\/i3.wp.com\/chacosintesis.com.ar\/wp-content\/uploads\/2022\/06\/Recorrida3-1024x678.jpg?ssl=1&w=100&resize=100&ssl=1 100w, https:\/\/i3.wp.com\/chacosintesis.com.ar\/wp-content\/uploads\/2022\/06\/Recorrida3-1024x678.jpg?ssl=1&w=150&resize=150&ssl=1 150w, https:\/\/i3.wp.com\/chacosintesis.com.ar\/wp-content\/uploads\/2022\/06\/Recorrida3-1024x678.jpg?ssl=1&w=240&resize=240&ssl=1 240w, https:\/\/i3.wp.com\/chacosintesis.com.ar\/wp-content\/uploads\/2022\/06\/Recorrida3-1024x678.jpg?ssl=1&w=320&resize=320&ssl=1 320w, https:\/\/i3.wp.com\/chacosintesis.com.ar\/wp-content\/uploads\/2022\/06\/Recorrida3-1024x678.jpg?ssl=1&w=500&resize=500&ssl=1 500w, https:\/\/i3.wp.com\/chacosintesis.com.ar\/wp-content\/uploads\/2022\/06\/Recorrida3-1024x678.jpg?ssl=1&w=640&resize=640&ssl=1 640w, https:\/\/i3.wp.com\/chacosintesis.com.ar\/wp-content\/uploads\/2022\/06\/Recorrida3-1024x678.jpg?ssl=1&w=800&resize=800&ssl=1 800w, https:\/\/i3.wp.com\/chacosintesis.com.ar\/wp-content\/uploads\/2022\/06\/Recorrida3-1024x678.jpg?ssl=1&w=1024&resize=1024&ssl=1 1024w, https:\/\/i3.wp.com\/chacosintesis.com.ar\/wp-content\/uploads\/2022\/06\/Recorrida3-1024x678.jpg?ssl=1&w=1280&resize=1280&ssl=1 1280w, https:\/\/i3.wp.com\/chacosintesis.com.ar\/wp-content\/uploads\/2022\/06\/Recorrida3-1024x678.jpg?ssl=1&w=1600&resize=1600&ssl=1 1600w\" fifu-data-src=\"https:\/\/i3.wp.com\/chacosintesis.com.ar\/wp-content\/uploads\/2022\/06\/Recorrida3-1024x678.jpg?ssl=1\" alt=\"\" class=\"wp-image-15980\"\/><\/figure>\n\n\n\n<p>Participaron los legisladores Atlanto Honcheruk, Carim Peche, Hugo Sager, Claudia Panzardi, Andrea Charole, Gricelda Ojeda, Livio Guti\u00e9rrez, Jessica Ayala, Elda Insaurralde, Mariela Quir\u00f3s y Alicia Digiuni.<\/p>\n\n\n\n<p>Cuesta remarc\u00f3 que es fundamental que los legisladores se acerquen al pueblo chaque\u00f1o no solo para conocer las problem\u00e1ticas, sino tambi\u00e9n la potencialidad que tiene la provincia. \u201cRecuperar el contacto para nosotros es muy importante; cuando insistimos para salir al interior provincial es porque no solo nos importan las problem\u00e1ticas que est\u00e1 pasando nuestro pueblo, sino tambi\u00e9n la potencialidad que tiene nuestra gente; y este programa nos permite estar cerca de las y los chaque\u00f1os\u201d, manifest\u00f3.<\/p>\n\n\n\n<p>Asimismo, agreg\u00f3 que \u201crecorrer las diferentes instituciones y emprendimientos productivos con los legisladores de los diferentes bloques pol\u00edticos demuestra el compromiso que tenemos todos los legisladores en construir entre todos una provincia mejor\u201d.<\/p>\n\n\n\n<figure class=\"wp-block-image size-large\"><img decoding=\"async\" src=\"data:image\/gif;base64,R0lGODlhAQABAIAAAAAAAP\/\/\/ywAAAAAAQABAAACAUwAOw==\" fifu-lazy=\"1\" fifu-data-sizes=\"auto\" fifu-data-srcset=\"https:\/\/i2.wp.com\/chacosintesis.com.ar\/wp-content\/uploads\/2022\/06\/Recorrida1-1024x678.jpg?ssl=1&w=75&resize=75&ssl=1 75w, https:\/\/i2.wp.com\/chacosintesis.com.ar\/wp-content\/uploads\/2022\/06\/Recorrida1-1024x678.jpg?ssl=1&w=100&resize=100&ssl=1 100w, https:\/\/i2.wp.com\/chacosintesis.com.ar\/wp-content\/uploads\/2022\/06\/Recorrida1-1024x678.jpg?ssl=1&w=150&resize=150&ssl=1 150w, https:\/\/i2.wp.com\/chacosintesis.com.ar\/wp-content\/uploads\/2022\/06\/Recorrida1-1024x678.jpg?ssl=1&w=240&resize=240&ssl=1 240w, https:\/\/i2.wp.com\/chacosintesis.com.ar\/wp-content\/uploads\/2022\/06\/Recorrida1-1024x678.jpg?ssl=1&w=320&resize=320&ssl=1 320w, https:\/\/i2.wp.com\/chacosintesis.com.ar\/wp-content\/uploads\/2022\/06\/Recorrida1-1024x678.jpg?ssl=1&w=500&resize=500&ssl=1 500w, https:\/\/i2.wp.com\/chacosintesis.com.ar\/wp-content\/uploads\/2022\/06\/Recorrida1-1024x678.jpg?ssl=1&w=640&resize=640&ssl=1 640w, https:\/\/i2.wp.com\/chacosintesis.com.ar\/wp-content\/uploads\/2022\/06\/Recorrida1-1024x678.jpg?ssl=1&w=800&resize=800&ssl=1 800w, https:\/\/i2.wp.com\/chacosintesis.com.ar\/wp-content\/uploads\/2022\/06\/Recorrida1-1024x678.jpg?ssl=1&w=1024&resize=1024&ssl=1 1024w, https:\/\/i2.wp.com\/chacosintesis.com.ar\/wp-content\/uploads\/2022\/06\/Recorrida1-1024x678.jpg?ssl=1&w=1280&resize=1280&ssl=1 1280w, https:\/\/i2.wp.com\/chacosintesis.com.ar\/wp-content\/uploads\/2022\/06\/Recorrida1-1024x678.jpg?ssl=1&w=1600&resize=1600&ssl=1 1600w\" fifu-data-src=\"https:\/\/i2.wp.com\/chacosintesis.com.ar\/wp-content\/uploads\/2022\/06\/Recorrida1-1024x678.jpg?ssl=1\" alt=\"\" class=\"wp-image-15981\"\/><\/figure>\n\n\n\n<p>Por su parte, la intendenta Alejandra Campos agradeci\u00f3 la visita de los legisladores a la localidad y coment\u00f3 que la cercan\u00eda de uno de los poderes del Estado como la Legislatura es muy importante. \u201cFue una ma\u00f1ana muy fruct\u00edfera, recorriendo diferentes empresas y organizaciones. El contacto de empresarios con las diputadas y diputados es positivo para lograr proyectos a futuro. A trav\u00e9s del programa Sesionemos Juntos nuestros representantes pueden tomar contacto con la gente y nosotros como pueblo del interior provincial estamos orgullosos de recibirlos\u201d, asegur\u00f3.<\/p>\n\n\n\n<p><strong>\u201cConstruir juntos el Chaco que queremos\u201d<\/strong><\/p>\n\n\n\n<p>Atlanto Honcheruk llam\u00f3 a valorar el esfuerzo que realizan las y los chaque\u00f1os que producen, se capacitan y estudian porque son los que construyen la provincia todos los d\u00edas. \u201cNos llena de orgullo el esfuerzo que hacen estos chaque\u00f1os todos los d\u00edas desde el Frigor\u00edfico Mercosur, que produce y da trabajo a m\u00e1s de 20 familias en Charata, hasta los bomberos voluntarios que colaboraron en los incendios de Corrientes; todos hacen un gran esfuerzo para construir el Chaco que queremos\u201d, asever\u00f3.<\/p>\n\n\n\n<p>En tanto Carim Peche valor\u00f3 que el Poder Legislativo, como instituci\u00f3n, recorra el interior provincial conociendo las demandas que est\u00e1n sufriendo las y los chaque\u00f1os. \u201cConocer las problem\u00e1ticas que hay nos permite brindar herramientas como el compromiso que tomamos para manifestarnos en conjunto por la falta de agua y pavimentaci\u00f3n que necesita el frigor\u00edfico Mercosur SA para funcionar mejor, ya que muchas familias dependen de la producci\u00f3n y el trabajo que da esta empresa\u201d, remarc\u00f3.<\/p>\n\n\n\n<p>Y, por \u00faltimo, el legislador Livio Guti\u00e9rrez, durante el inicio de la agenda programada, destac\u00f3 el trabajo de las instituciones y emprendimientos productivos de la regi\u00f3n del sudoeste, Charata, Las Bre\u00f1as y Pinedo de los \u00faltimos diez a\u00f1os, en equipamiento y capacitaci\u00f3n. \u201cEl trabajo del sector privado en esta regi\u00f3n es esencial, considero que es uno de los mejores lugares del Chaco para invertir, porque hay ganas y personas capacitadas para seguir desarrollando la provincia que queremos. Escuchamos al sector productivo y nos llevamos muchos proyectos para legislar, eso tiene que ver con el federalismo\u201d, se\u00f1al\u00f3.<\/p>\n","protected":false},"excerpt":{"rendered":"<p>En el marco de la sesi\u00f3n ordinaria que se realizar\u00e1 este mi\u00e9rcoles en la EEP N\u00ba 173 Malvinas Argentinas, la presidenta del Poder Legislativo, Elida Cuesta, junto a diputadas y diputados de diferentes bloques pol\u00edticos, la intendenta Alejandra Campos y concejales, recorri\u00f3 las distintas instituciones, empresas y emprendimientos productivos de la ciudad. El recorrido comenz\u00f3 [&hellip;]<\/p>\n","protected":false},"author":1,"featured_media":0,"comment_status":"closed","ping_status":"closed","sticky":false,"template":"","format":"standard","meta":{"footnotes":""},"categories":[6],"tags":[],"class_list":{"0":"post-15978","1":"post","2":"type-post","3":"status-publish","4":"format-standard","6":"category-chaco"},"_links":{"self":[{"href":"https:\/\/chacosintesis.com.ar\/index.php\/wp-json\/wp\/v2\/posts\/15978","targetHints":{"allow":["GET"]}}],"collection":[{"href":"https:\/\/chacosintesis.com.ar\/index.php\/wp-json\/wp\/v2\/posts"}],"about":[{"href":"https:\/\/chacosintesis.com.ar\/index.php\/wp-json\/wp\/v2\/types\/post"}],"author":[{"embeddable":true,"href":"https:\/\/chacosintesis.com.ar\/index.php\/wp-json\/wp\/v2\/users\/1"}],"replies":[{"embeddable":true,"href":"https:\/\/chacosintesis.com.ar\/index.php\/wp-json\/wp\/v2\/comments?post=15978"}],"version-history":[{"count":0,"href":"https:\/\/chacosintesis.com.ar\/index.php\/wp-json\/wp\/v2\/posts\/15978\/revisions"}],"wp:attachment":[{"href":"https:\/\/chacosintesis.com.ar\/index.php\/wp-json\/wp\/v2\/media?parent=15978"}],"wp:term":[{"taxonomy":"category","embeddable":true,"href":"https:\/\/chacosintesis.com.ar\/index.php\/wp-json\/wp\/v2\/categories?post=15978"},{"taxonomy":"post_tag","embeddable":true,"href":"https:\/\/chacosintesis.com.ar\/index.php\/wp-json\/wp\/v2\/tags?post=15978"}],"curies":[{"name":"wp","href":"https:\/\/api.w.org\/{rel}","templated":true}]}}