{"id":15975,"date":"2022-04-25T11:30:00","date_gmt":"2022-04-25T14:30:00","guid":{"rendered":"https:\/\/chacosintesis.com.ar\/?p=15975"},"modified":"2022-06-21T18:38:44","modified_gmt":"2022-06-21T21:38:44","slug":"cuesta-queremos-recuperar-el-contacto-con-nuestro-pueblo","status":"publish","type":"post","link":"https:\/\/chacosintesis.com.ar\/index.php\/cuesta-queremos-recuperar-el-contacto-con-nuestro-pueblo\/","title":{"rendered":"<strong>Cuesta: \u201cQueremos recuperar el contacto con nuestro pueblo\u201d<\/strong>"},"content":{"rendered":"\n<figure class=\"wp-block-image size-full\"><img decoding=\"async\" src=\"data:image\/gif;base64,R0lGODlhAQABAIAAAAAAAP\/\/\/ywAAAAAAQABAAACAUwAOw==\" fifu-lazy=\"1\" fifu-data-sizes=\"auto\" fifu-data-srcset=\"https:\/\/i0.wp.com\/chacosintesis.com.ar\/wp-content\/uploads\/2022\/06\/1-1.jpg?ssl=1&w=75&resize=75&ssl=1 75w, https:\/\/i0.wp.com\/chacosintesis.com.ar\/wp-content\/uploads\/2022\/06\/1-1.jpg?ssl=1&w=100&resize=100&ssl=1 100w, https:\/\/i0.wp.com\/chacosintesis.com.ar\/wp-content\/uploads\/2022\/06\/1-1.jpg?ssl=1&w=150&resize=150&ssl=1 150w, https:\/\/i0.wp.com\/chacosintesis.com.ar\/wp-content\/uploads\/2022\/06\/1-1.jpg?ssl=1&w=240&resize=240&ssl=1 240w, https:\/\/i0.wp.com\/chacosintesis.com.ar\/wp-content\/uploads\/2022\/06\/1-1.jpg?ssl=1&w=320&resize=320&ssl=1 320w, https:\/\/i0.wp.com\/chacosintesis.com.ar\/wp-content\/uploads\/2022\/06\/1-1.jpg?ssl=1&w=500&resize=500&ssl=1 500w, https:\/\/i0.wp.com\/chacosintesis.com.ar\/wp-content\/uploads\/2022\/06\/1-1.jpg?ssl=1&w=640&resize=640&ssl=1 640w, https:\/\/i0.wp.com\/chacosintesis.com.ar\/wp-content\/uploads\/2022\/06\/1-1.jpg?ssl=1&w=800&resize=800&ssl=1 800w, https:\/\/i0.wp.com\/chacosintesis.com.ar\/wp-content\/uploads\/2022\/06\/1-1.jpg?ssl=1&w=1024&resize=1024&ssl=1 1024w, https:\/\/i0.wp.com\/chacosintesis.com.ar\/wp-content\/uploads\/2022\/06\/1-1.jpg?ssl=1&w=1280&resize=1280&ssl=1 1280w, https:\/\/i0.wp.com\/chacosintesis.com.ar\/wp-content\/uploads\/2022\/06\/1-1.jpg?ssl=1&w=1600&resize=1600&ssl=1 1600w\" fifu-data-src=\"https:\/\/i0.wp.com\/chacosintesis.com.ar\/wp-content\/uploads\/2022\/06\/1-1.jpg?ssl=1\" alt=\"\" class=\"wp-image-15976\"\/><\/figure>\n\n\n\n<p>La presidenta del Poder Legislativo, Elida Cuesta, se refiri\u00f3 al reinicio del programa Sesionemos Juntos que se llevar\u00e1 a cabo este mi\u00e9rcoles 27, a las 14 horas, en la EEP N\u00ba 173 Malvinas Argentinas, de Charata. La iniciativa, que tiene por objetivo acercar la Casa de la Democracia al interior provincial y que los legisladores sesionen de cara al pueblo chaque\u00f1o, recorri\u00f3 las localidades de Villa \u00c1ngela, S\u00e1enz Pe\u00f1a, Castelli, Las Bre\u00f1as, Hermoso Campo, San Mart\u00edn, Las Palmas, Barranqueras y Charata.<\/p>\n\n\n\n<p>Cuesta agradeci\u00f3 al pueblo charatense y a las autoridades por recibir a las y los legisladores y remarc\u00f3 que en estos tiempos dif\u00edciles es necesario que la clase pol\u00edtica de cara ante la gente. \u201cSesionemos Juntos es un programa que nos dio muchas alegr\u00edas porque nos permiti\u00f3 estar cerca de nuestra gente y que los chaque\u00f1os del interior provincial puedan conocer c\u00f3mo funciona la Casa de la Democracia. Sesionar de cara a nuestro pueblo no solo es una necesidad para nosotros, sino tambi\u00e9n una obligaci\u00f3n, porque somos representantes del pueblo y a ellos nos debemos\u201d, manifest\u00f3.<\/p>\n\n\n\n<p>Asimismo, remarc\u00f3 que \u201ces necesario recuperar el contacto con las y los chaque\u00f1os porque fueron dos a\u00f1os muy dif\u00edciles por una pandemia que nos aisl\u00f3, y hoy queremos recuperar el contacto con nuestro pueblo, pero siempre tomando los recaudos porque debemos seguir cuid\u00e1ndonos\u201d.<\/p>\n\n\n\n<p>La presidenta del cuerpo legislativo afirm\u00f3 adem\u00e1s que las y los diputados arribar\u00e1n a la localidad este martes para recorrer emprendimientos productivos y los lugares emblem\u00e1ticos de la Perla del Oeste. \u201cUn grupo de legisladores recorrer\u00e1 los establecimientos productivos, las instituciones y lugares emblem\u00e1ticos para conocer las problem\u00e1ticas que est\u00e1 pasando el pueblo charatense. Para quienes quieran acercarse a dialogar con nosotros vamos a estar en el municipio con la intendenta Alejandra Campos y el cuerpo de concejales\u201d, coment\u00f3.<\/p>\n\n\n\n<p>Por \u00faltimo, Cuesta asegur\u00f3 que la Legislatura chaque\u00f1a busca generar un espacio de reencuentro para conocer las problem\u00e1ticas y resolverlas. \u201cPedimos a todas y todos que nos acompa\u00f1en porque queremos brindar herramientas para la soluci\u00f3n de los problemas que est\u00e1n atravesando las y los chaque\u00f1os; queremos ser un puente, un nexo, y que Sesionemos Juntos se convierta en un espacio de di\u00e1logo y de rencuentro para buscar, juntos, soluciones a trav\u00e9s del di\u00e1logo y el consenso\u201d, manifest\u00f3 la legisladora.<\/p>\n","protected":false},"excerpt":{"rendered":"<p>La presidenta del Poder Legislativo, Elida Cuesta, se refiri\u00f3 al reinicio del programa Sesionemos Juntos que se llevar\u00e1 a cabo este mi\u00e9rcoles 27, a las 14 horas, en la EEP N\u00ba 173 Malvinas Argentinas, de Charata. La iniciativa, que tiene por objetivo acercar la Casa de la Democracia al interior provincial y que los legisladores [&hellip;]<\/p>\n","protected":false},"author":1,"featured_media":0,"comment_status":"closed","ping_status":"closed","sticky":false,"template":"","format":"standard","meta":{"footnotes":""},"categories":[6],"tags":[],"class_list":{"0":"post-15975","1":"post","2":"type-post","3":"status-publish","4":"format-standard","6":"category-chaco"},"_links":{"self":[{"href":"https:\/\/chacosintesis.com.ar\/index.php\/wp-json\/wp\/v2\/posts\/15975","targetHints":{"allow":["GET"]}}],"collection":[{"href":"https:\/\/chacosintesis.com.ar\/index.php\/wp-json\/wp\/v2\/posts"}],"about":[{"href":"https:\/\/chacosintesis.com.ar\/index.php\/wp-json\/wp\/v2\/types\/post"}],"author":[{"embeddable":true,"href":"https:\/\/chacosintesis.com.ar\/index.php\/wp-json\/wp\/v2\/users\/1"}],"replies":[{"embeddable":true,"href":"https:\/\/chacosintesis.com.ar\/index.php\/wp-json\/wp\/v2\/comments?post=15975"}],"version-history":[{"count":0,"href":"https:\/\/chacosintesis.com.ar\/index.php\/wp-json\/wp\/v2\/posts\/15975\/revisions"}],"wp:attachment":[{"href":"https:\/\/chacosintesis.com.ar\/index.php\/wp-json\/wp\/v2\/media?parent=15975"}],"wp:term":[{"taxonomy":"category","embeddable":true,"href":"https:\/\/chacosintesis.com.ar\/index.php\/wp-json\/wp\/v2\/categories?post=15975"},{"taxonomy":"post_tag","embeddable":true,"href":"https:\/\/chacosintesis.com.ar\/index.php\/wp-json\/wp\/v2\/tags?post=15975"}],"curies":[{"name":"wp","href":"https:\/\/api.w.org\/{rel}","templated":true}]}}