{"id":15972,"date":"2022-04-11T11:40:00","date_gmt":"2022-04-11T14:40:00","guid":{"rendered":"https:\/\/chacosintesis.com.ar\/?p=15972"},"modified":"2022-06-21T18:28:11","modified_gmt":"2022-06-21T21:28:11","slug":"cuesta-en-la-memoria-colectiva-nuestros-veteranos-siempre-seran-heroes","status":"publish","type":"post","link":"https:\/\/chacosintesis.com.ar\/index.php\/cuesta-en-la-memoria-colectiva-nuestros-veteranos-siempre-seran-heroes\/","title":{"rendered":"<strong>Cuesta: &#8220;En la memoria colectiva nuestros veteranos siempre ser\u00e1n h\u00e9roes&#8221;<\/strong>"},"content":{"rendered":"\n<figure class=\"wp-block-image size-large\"><img decoding=\"async\" src=\"data:image\/gif;base64,R0lGODlhAQABAIAAAAAAAP\/\/\/ywAAAAAAQABAAACAUwAOw==\" fifu-lazy=\"1\" fifu-data-sizes=\"auto\" fifu-data-srcset=\"https:\/\/i1.wp.com\/chacosintesis.com.ar\/wp-content\/uploads\/2022\/06\/Vet1-1024x678.jpg?ssl=1&w=75&resize=75&ssl=1 75w, https:\/\/i1.wp.com\/chacosintesis.com.ar\/wp-content\/uploads\/2022\/06\/Vet1-1024x678.jpg?ssl=1&w=100&resize=100&ssl=1 100w, https:\/\/i1.wp.com\/chacosintesis.com.ar\/wp-content\/uploads\/2022\/06\/Vet1-1024x678.jpg?ssl=1&w=150&resize=150&ssl=1 150w, https:\/\/i1.wp.com\/chacosintesis.com.ar\/wp-content\/uploads\/2022\/06\/Vet1-1024x678.jpg?ssl=1&w=240&resize=240&ssl=1 240w, https:\/\/i1.wp.com\/chacosintesis.com.ar\/wp-content\/uploads\/2022\/06\/Vet1-1024x678.jpg?ssl=1&w=320&resize=320&ssl=1 320w, https:\/\/i1.wp.com\/chacosintesis.com.ar\/wp-content\/uploads\/2022\/06\/Vet1-1024x678.jpg?ssl=1&w=500&resize=500&ssl=1 500w, https:\/\/i1.wp.com\/chacosintesis.com.ar\/wp-content\/uploads\/2022\/06\/Vet1-1024x678.jpg?ssl=1&w=640&resize=640&ssl=1 640w, https:\/\/i1.wp.com\/chacosintesis.com.ar\/wp-content\/uploads\/2022\/06\/Vet1-1024x678.jpg?ssl=1&w=800&resize=800&ssl=1 800w, https:\/\/i1.wp.com\/chacosintesis.com.ar\/wp-content\/uploads\/2022\/06\/Vet1-1024x678.jpg?ssl=1&w=1024&resize=1024&ssl=1 1024w, https:\/\/i1.wp.com\/chacosintesis.com.ar\/wp-content\/uploads\/2022\/06\/Vet1-1024x678.jpg?ssl=1&w=1280&resize=1280&ssl=1 1280w, https:\/\/i1.wp.com\/chacosintesis.com.ar\/wp-content\/uploads\/2022\/06\/Vet1-1024x678.jpg?ssl=1&w=1600&resize=1600&ssl=1 1600w\" fifu-data-src=\"https:\/\/i1.wp.com\/chacosintesis.com.ar\/wp-content\/uploads\/2022\/06\/Vet1-1024x678.jpg?ssl=1\" alt=\"\" class=\"wp-image-15973\"\/><\/figure>\n\n\n\n<p>En las v\u00edsperas de los 40 a\u00f1os de la Guerra de Malvinas, la presidenta del Poder Legislativo, Elida Cuesta, particip\u00f3, este viernes, junto a las legisladoras Andrea Charole y Griselda Ojeda, de la vigilia organizada por el Municipio de Resistencia en el Parque de la Democracia y la Juventud.<\/p>\n\n\n\n<p>La Legislatura entreg\u00f3 reconocimientos a los veteranos de guerra, quienes entonaron las estrofas del Himno Nacional ante una multitud, en una jornada emocionante e hist\u00f3rica que cont\u00f3 con espect\u00e1culos musicales y art\u00edsticos.<\/p>\n\n\n\n<p>Cuesta remarc\u00f3 la importancia de acompa\u00f1ar a los excombatientes y a sus familias destacando el hero\u00edsmo de los soldados argentinos. &#8220;A nuestros h\u00e9roes de Malvinas le debemos gratitud eterna porque dieron sus vidas por nuestra Patria. Por eso debemos inculcar en la memoria colectiva de nuestro pueblo el pedido firme, pero pac\u00edfico, de soberan\u00eda porque las Malvinas fueron, son y ser\u00e1n argentinas&#8221;, asever\u00f3.<\/p>\n\n\n\n<p>Por su parte, Andrea Charole asegur\u00f3 que, a 40 a\u00f1os de la gesta hist\u00f3rica, desde el Estado se debe invitar a la reflexi\u00f3n de toda la sociedad. &#8220;Toda guerra es triste y lamentable, por eso debemos reflexionar como sociedad, valorar la vida, pero siempre recordando el esfuerzo de esos j\u00f3venes que lucharon por defender nuestra Bandera y que muchos pertenecieron a los pueblos originarios de nuestra patria&#8221;, afirm\u00f3.<\/p>\n\n\n\n<p>Griselda Ojeda resalt\u00f3 el evento realizado por el municipio de Resistencia resaltando la posibilidad del reencuentro con la sociedad. &#8220;Dar el lugar que merecen nuestros veteranos de Malvinas debe ser siempre una pol\u00edtica de estado porque ayuda a conservar en la memoria de nuestro pueblo la valent\u00eda y coraje de muchos argentinos que dieron su vida por defender la soberan\u00eda nacional eso es lo que debemos recordar cada 2 de abril&#8221; asever\u00f3.<\/p>\n","protected":false},"excerpt":{"rendered":"<p>En las v\u00edsperas de los 40 a\u00f1os de la Guerra de Malvinas, la presidenta del Poder Legislativo, Elida Cuesta, particip\u00f3, este viernes, junto a las legisladoras Andrea Charole y Griselda Ojeda, de la vigilia organizada por el Municipio de Resistencia en el Parque de la Democracia y la Juventud. La Legislatura entreg\u00f3 reconocimientos a los [&hellip;]<\/p>\n","protected":false},"author":1,"featured_media":0,"comment_status":"closed","ping_status":"closed","sticky":false,"template":"","format":"standard","meta":{"footnotes":""},"categories":[6],"tags":[],"class_list":{"0":"post-15972","1":"post","2":"type-post","3":"status-publish","4":"format-standard","6":"category-chaco"},"_links":{"self":[{"href":"https:\/\/chacosintesis.com.ar\/index.php\/wp-json\/wp\/v2\/posts\/15972","targetHints":{"allow":["GET"]}}],"collection":[{"href":"https:\/\/chacosintesis.com.ar\/index.php\/wp-json\/wp\/v2\/posts"}],"about":[{"href":"https:\/\/chacosintesis.com.ar\/index.php\/wp-json\/wp\/v2\/types\/post"}],"author":[{"embeddable":true,"href":"https:\/\/chacosintesis.com.ar\/index.php\/wp-json\/wp\/v2\/users\/1"}],"replies":[{"embeddable":true,"href":"https:\/\/chacosintesis.com.ar\/index.php\/wp-json\/wp\/v2\/comments?post=15972"}],"version-history":[{"count":0,"href":"https:\/\/chacosintesis.com.ar\/index.php\/wp-json\/wp\/v2\/posts\/15972\/revisions"}],"wp:attachment":[{"href":"https:\/\/chacosintesis.com.ar\/index.php\/wp-json\/wp\/v2\/media?parent=15972"}],"wp:term":[{"taxonomy":"category","embeddable":true,"href":"https:\/\/chacosintesis.com.ar\/index.php\/wp-json\/wp\/v2\/categories?post=15972"},{"taxonomy":"post_tag","embeddable":true,"href":"https:\/\/chacosintesis.com.ar\/index.php\/wp-json\/wp\/v2\/tags?post=15972"}],"curies":[{"name":"wp","href":"https:\/\/api.w.org\/{rel}","templated":true}]}}