{"id":15969,"date":"2022-06-21T17:00:42","date_gmt":"2022-06-21T20:00:42","guid":{"rendered":"https:\/\/chacosintesis.com.ar\/?p=15969"},"modified":"2022-06-21T17:06:42","modified_gmt":"2022-06-21T20:06:42","slug":"estiman-que-la-bienal-2022-triplicara-en-visitantes-a-sus-predecesoras","status":"publish","type":"post","link":"https:\/\/chacosintesis.com.ar\/index.php\/estiman-que-la-bienal-2022-triplicara-en-visitantes-a-sus-predecesoras\/","title":{"rendered":"Estiman que la Bienal 2022 triplicar\u00e1 en visitantes a sus predecesoras"},"content":{"rendered":"<p>La secretaria de la Fundaci\u00f3n Urunday, Mimo Eidman, asegur\u00f3 que, tras el parate obligado por la pandemia, \u201cla gente concurrir\u00e1 masivamente\u201d a la cita internacional. Este a\u00f1o, la muestra dispondr\u00e1 de nueve hect\u00e1reas en la zona del Domo del Centenario y del Parque 2 de Febrero.<\/p>\n<p>Ante la inminente llegada de la Bienal Internacional de Escultura 2022 que se realizar\u00e1 en el Domo del Centenario del 16 al 23 de julio, la secretaria de la Fundaci\u00f3n Urunday, Mimo Eidman, expres\u00f3 que &#8220;est\u00e1 explotando\u201d la previa y estim\u00f3 que esta edici\u00f3n tendr\u00e1 \u201ctres veces m\u00e1s de gente que en las \u00faltimas bienales&#8221;. Despu\u00e9s de la suspensi\u00f3n obligada de la edici\u00f3n del 2020 por la llegada de la pandemia, esta edici\u00f3n llevar\u00e1 por nombre \u201cEl Legado\u201d, en homenaje a Fabriciano G\u00f3mez, el mentor del certamen que trascendi\u00f3 las fronteras del Chaco y del pa\u00eds para transformarse en un evento de relevancia internacional.<\/p>\n<p>&#8220;Fue un gran desaf\u00edo para los que quedamos en la Fundaci\u00f3n, porque nuestra luz y gu\u00eda, la persona que generaba minuto a minuto ideas brillantes ya no est\u00e1 y es un vac\u00edo enorme el que tenemos ahora&#8221;, reflexion\u00f3 Eidman y apunt\u00f3: \u201cPero por eso mismo, y para honrar su legado (en referencia a Fabriciano) estamos organizando esta edici\u00f3n con todas las ganas y el coraz\u00f3n\u201d.<\/p>\n<p>La escultora asegur\u00f3 que &#8220;pasa una cosa muy rara: pens\u00e1bamos que nos hab\u00edamos quedado solos, pero, por el contrario, todo el mundo al que acudimos nos apoya, siempre pensando en que somos dignos sucesores&#8221;, describi\u00f3 en di\u00e1logo con Radio Provincia.<\/p>\n<p>M\u00e1s all\u00e1 de lo emocional, la Bienal de Resistencia se expandi\u00f3 ya que antes ocupaba dos hect\u00e1reas en el predio y esta vez va a tener nueve a disposici\u00f3n; est\u00e1n programados diferentes atractivos, adem\u00e1s de la competencia de esculturas. \u201cSe fueron dando c\u00edrculos virtuosos que hicieron que este certamen tenga la magnitud que hoy tiene y que estar\u00e1 acompa\u00f1ado por n\u00fameros musicales, teatro y exposiciones muy variadas\u201d, expres\u00f3 Ediman. La referente de la Fundaci\u00f3n Urunday marc\u00f3 que &#8220;la pandemia tuvo a la gente mucho tiempo encerrada y por eso creemos que este a\u00f1o la comunidad de Resistencia y muchas personas que viven en provincias vecinas concurrir\u00e1 a masivamente esta cita tan particular&#8221;, cerr\u00f3.<\/p>\n","protected":false},"excerpt":{"rendered":"<p>La secretaria de la Fundaci\u00f3n Urunday, Mimo Eidman, asegur\u00f3 que, tras el parate obligado por la pandemia, \u201cla gente concurrir\u00e1 masivamente\u201d a la cita internacional. Este a\u00f1o, la muestra dispondr\u00e1 de nueve hect\u00e1reas en la zona del Domo del Centenario y del Parque 2 de Febrero. Ante la inminente llegada de la Bienal Internacional de [&hellip;]<\/p>\n","protected":false},"author":1,"featured_media":15970,"comment_status":"closed","ping_status":"closed","sticky":false,"template":"","format":"standard","meta":{"footnotes":""},"categories":[6],"tags":[],"class_list":{"0":"post-15969","1":"post","2":"type-post","3":"status-publish","4":"format-standard","5":"has-post-thumbnail","7":"category-chaco"},"_links":{"self":[{"href":"https:\/\/chacosintesis.com.ar\/index.php\/wp-json\/wp\/v2\/posts\/15969","targetHints":{"allow":["GET"]}}],"collection":[{"href":"https:\/\/chacosintesis.com.ar\/index.php\/wp-json\/wp\/v2\/posts"}],"about":[{"href":"https:\/\/chacosintesis.com.ar\/index.php\/wp-json\/wp\/v2\/types\/post"}],"author":[{"embeddable":true,"href":"https:\/\/chacosintesis.com.ar\/index.php\/wp-json\/wp\/v2\/users\/1"}],"replies":[{"embeddable":true,"href":"https:\/\/chacosintesis.com.ar\/index.php\/wp-json\/wp\/v2\/comments?post=15969"}],"version-history":[{"count":0,"href":"https:\/\/chacosintesis.com.ar\/index.php\/wp-json\/wp\/v2\/posts\/15969\/revisions"}],"wp:featuredmedia":[{"embeddable":true,"href":"https:\/\/chacosintesis.com.ar\/index.php\/wp-json\/wp\/v2\/media\/15970"}],"wp:attachment":[{"href":"https:\/\/chacosintesis.com.ar\/index.php\/wp-json\/wp\/v2\/media?parent=15969"}],"wp:term":[{"taxonomy":"category","embeddable":true,"href":"https:\/\/chacosintesis.com.ar\/index.php\/wp-json\/wp\/v2\/categories?post=15969"},{"taxonomy":"post_tag","embeddable":true,"href":"https:\/\/chacosintesis.com.ar\/index.php\/wp-json\/wp\/v2\/tags?post=15969"}],"curies":[{"name":"wp","href":"https:\/\/api.w.org\/{rel}","templated":true}]}}