{"id":15952,"date":"2022-06-20T10:05:01","date_gmt":"2022-06-20T13:05:01","guid":{"rendered":"https:\/\/chacosintesis.com.ar\/?p=15952"},"modified":"2022-06-20T10:07:08","modified_gmt":"2022-06-20T13:07:08","slug":"fallecio-un-joven-de-30-anos-en-un-siniestro-vial","status":"publish","type":"post","link":"https:\/\/chacosintesis.com.ar\/index.php\/fallecio-un-joven-de-30-anos-en-un-siniestro-vial\/","title":{"rendered":"Falleci\u00f3 un joven de 30 a\u00f1os en un siniestro vial"},"content":{"rendered":"<p>Un joven de 30 a\u00f1os, identificado como Pablo Cardenas, falleci\u00f3 en la madrugada de este lunes luego de caer al piso tras perder el control de la moto en la que se desplazaba. El hecho sucedi\u00f3 en avenida Castelli 3900 e Intervino la Comisar\u00eda Quinta.<br \/>\nHoy por la madrugada los efectivos de la Comisar\u00eda Quinta intervinieron en el siniestro vial donde perdi\u00f3 la vida el joven quien iba acompa\u00f1ado por una mujer de 26 a\u00f1os.<br \/>\nCerca de las 3:40 los agentes fueron alertados sobre el hecho y al llegar al lugar  hallaron al  y la mujer heridos. A pocos metros estaba una motocicleta marca Zanella Rx 150 cilindradas.<br \/>\nLos efectivos agilizaron el servicio m\u00e9dico y los heridos fueron llevados al hospital local. Desde all\u00ed informaron que el hombre falleci\u00f3 por un diagn\u00f3stico \u201cTraumatismo de cr\u00e1neo grave\u201d. En tanto la mujer fue diagnosticada \u201cPolitraumatismos, herida cortante en muslo derecho, T.E.C. y excoriaciones\u201d.<br \/>\nUna vez finalizadas las actuaciones secuestraron el rodado y la Divisi\u00f3n Bomberos procedi\u00f3 al traslado del cad\u00e1ver al INCIF para la autopsia correspondiente y luego entregar el cuerpo a sus familiares para los fines p\u00f3stumos.<\/p>\n","protected":false},"excerpt":{"rendered":"<p>Un joven de 30 a\u00f1os, identificado como Pablo Cardenas, falleci\u00f3 en la madrugada de este lunes luego de caer al piso tras perder el control de la moto en la que se desplazaba. El hecho sucedi\u00f3 en avenida Castelli 3900 e Intervino la Comisar\u00eda Quinta. Hoy por la madrugada los efectivos de la Comisar\u00eda Quinta [&hellip;]<\/p>\n","protected":false},"author":1,"featured_media":15953,"comment_status":"closed","ping_status":"closed","sticky":false,"template":"","format":"standard","meta":{"footnotes":""},"categories":[6],"tags":[],"class_list":{"0":"post-15952","1":"post","2":"type-post","3":"status-publish","4":"format-standard","5":"has-post-thumbnail","7":"category-chaco"},"_links":{"self":[{"href":"https:\/\/chacosintesis.com.ar\/index.php\/wp-json\/wp\/v2\/posts\/15952","targetHints":{"allow":["GET"]}}],"collection":[{"href":"https:\/\/chacosintesis.com.ar\/index.php\/wp-json\/wp\/v2\/posts"}],"about":[{"href":"https:\/\/chacosintesis.com.ar\/index.php\/wp-json\/wp\/v2\/types\/post"}],"author":[{"embeddable":true,"href":"https:\/\/chacosintesis.com.ar\/index.php\/wp-json\/wp\/v2\/users\/1"}],"replies":[{"embeddable":true,"href":"https:\/\/chacosintesis.com.ar\/index.php\/wp-json\/wp\/v2\/comments?post=15952"}],"version-history":[{"count":0,"href":"https:\/\/chacosintesis.com.ar\/index.php\/wp-json\/wp\/v2\/posts\/15952\/revisions"}],"wp:featuredmedia":[{"embeddable":true,"href":"https:\/\/chacosintesis.com.ar\/index.php\/wp-json\/wp\/v2\/media\/15953"}],"wp:attachment":[{"href":"https:\/\/chacosintesis.com.ar\/index.php\/wp-json\/wp\/v2\/media?parent=15952"}],"wp:term":[{"taxonomy":"category","embeddable":true,"href":"https:\/\/chacosintesis.com.ar\/index.php\/wp-json\/wp\/v2\/categories?post=15952"},{"taxonomy":"post_tag","embeddable":true,"href":"https:\/\/chacosintesis.com.ar\/index.php\/wp-json\/wp\/v2\/tags?post=15952"}],"curies":[{"name":"wp","href":"https:\/\/api.w.org\/{rel}","templated":true}]}}