{"id":15948,"date":"2022-06-20T09:47:42","date_gmt":"2022-06-20T12:47:42","guid":{"rendered":"https:\/\/chacosintesis.com.ar\/?p=15948"},"modified":"2022-06-20T10:07:07","modified_gmt":"2022-06-20T13:07:07","slug":"bienal-de-las-esculturas-el-gobierno-ejecuta-obras-de-remodelacion-en-el-parque-2-de-febrero","status":"publish","type":"post","link":"https:\/\/chacosintesis.com.ar\/index.php\/bienal-de-las-esculturas-el-gobierno-ejecuta-obras-de-remodelacion-en-el-parque-2-de-febrero\/","title":{"rendered":"Bienal de las Esculturas: El Gobierno ejecuta obras de remodelaci\u00f3n en el Parque 2 de Febrero"},"content":{"rendered":"<p>El gobernador Jorge Capitanich recorri\u00f3, este domingo, el predio del parque 2 de febrero donde se realizan obras de remodelaci\u00f3n de cara a lo que ser\u00e1 una nueva edici\u00f3n de la Bienal de las Esculturas. Las intervenciones se ejecutan en el marco de un convenio de cooperaci\u00f3n del Gobierno provincial con el Municipio de Resistencia, mediante el financiamiento del Ministerio de Econom\u00eda, Planificaci\u00f3n e Infraestructura con una inversi\u00f3n de 39.383.791 pesos.<br \/>\n\u201cQueremos recibir de la mejor manera al gran acontecimiento del a\u00f1o\u201d, expres\u00f3 el gobernador y celebr\u00f3 que se pueda realizar despu\u00e9s de haber tenido que suspenderse en 2020 por la pandemia.<br \/>\nLa intervenci\u00f3n a realizar, abarca refacciones en senderos, herrer\u00eda, iluminaci\u00f3n y pintura. Adem\u00e1s, se realizan trabajos en los m\u00f3dulos sanitarios, desag\u00fces pluviales, accesibilidad (con senderos y sitios acondicionados para personas discapacitadas) y un mejoramiento general del sistema de agua potable.<br \/>\nEl ministro de Infraestructura, Santiago P\u00e9rez Pons, que acompa\u00f1\u00f3 al gobernador en la recorrida junto con el gerente de Planificaci\u00f3n y Desarrollo de Sameep Ricardo Requena, describi\u00f3 que en el predio del Parque 2 de febrero se realiza la refacci\u00f3n de senderos, iluminaci\u00f3n y pintura de todo el predio. \u201cVinimos a supervisar los avances, ya que faltan solo tres semanas para recibir artistas y p\u00fablico de todo el mundo en lo que es la fiesta m\u00e1s importante que tenemos, pretendemos que el lugar est\u00e9 en \u00f3ptimas condiciones para que todos podamos tener una semana muy linda\u201d, se\u00f1al\u00f3.<br \/>\nLos trabajos que se realizan<br \/>\nSe trabaja en el mejoramiento de la accesibilidad y se ampliar\u00e1 la superficie para garantizar un pleno disfrute de las y los visitantes y, sobre todo, de aquellas personas con dificultad de movilidad. Tambi\u00e9n se realizan trabajos de iluminaci\u00f3n, orden del tr\u00e1nsito interno, reacondicionamiento general de sanitarios, nivelaci\u00f3n del suelo, pintura, e incorporaci\u00f3n de butacas accesibles.<br \/>\nAdem\u00e1s de la refuncionalizaci\u00f3n de los sistemas de desag\u00fces en inmediaciones a la pista de atletismo, a la vez que se van culminando las tareas de construcci\u00f3n de veredas perimetrales que constituyen cerca de 1.500 metros lineales de senderos aptos para garantizar la circulaci\u00f3n de personas con discapacidad.<br \/>\nTambi\u00e9n se lleva a cabo la reparaci\u00f3n de siete m\u00f3dulos de ba\u00f1os, tareas de pintura en instalaciones del Domo del Centenario, restauraci\u00f3n de varios sectores, movimiento de suelo y trabajos de herrer\u00eda.<br \/>\nEn materia de desag\u00fces pluviales, se detectaron sistemas colapsados que requer\u00edan la construcci\u00f3n de nuevos tramos que tendr\u00e1n una extensi\u00f3n total de casi 1000 metros, con el fin de derivar las aguas de lluvia hacia los conductos existentes en las avenidas Lavalle y De Los Inmigrantes.<br \/>\nAdem\u00e1s, se contin\u00faa con la puesta a punto de los camarines, trabajos de pintura alrededor del Domo del Centenario, el arreglo de sanitarios y la optimizaci\u00f3n de luminaria en los distintos sectores.<\/p>\n<p>De Resistencia para el mundo<br \/>\nEn la Bienal 2022 participar\u00e1n diez escultores, que representar\u00e1n a Albania, Alemania, Argentina, M\u00e9xico, Corea del Sur, Eslovenia, Georgia, Rumania, Turqu\u00eda y Ucrania. Las y los artistas trabajar\u00e1n con m\u00e1rmol travertino como material principal a cielo abierto y en p\u00fablico, esculpiendo piezas que tienen por destino las veredas de Resistencia.<br \/>\nOtro de los atractivos ser\u00e1 la octava edici\u00f3n del Premio Desaf\u00edo \u201cHierros L\u00edder\u201d, un concurso destinado a estudiantes de artes de universidades e institutos p\u00fablicos o privados de todo el pa\u00eds. Adem\u00e1s, como novedad, desarrollar\u00e1 el primer Congreso Internacional de Derecho del Arte, actividad in\u00e9dita en el pa\u00eds promovido por el Poder Legislativo del Chaco y organizado en colaboraci\u00f3n por las Facultades de Derecho de la UNNE y la Universidad Nacional de Rosario.<br \/>\nOtras actividades que se realizar\u00e1n ser\u00e1n el Congreso Internacional de Artes, un seminario de Arte, Derecho, Patrimonio y Urbanismo, un festival Filarm\u00f3nico Juvenil, distintos cursos, talleres y conferencias magistrales acad\u00e9micas, el desarrollo de las Artes Esc\u00e9nicas, presentaciones de la Orquesta Sinf\u00f3nica local, el Coro Polif\u00f3nico, el Ballet Contempor\u00e1neo, obras de teatro y circo, paseo de artesanos y expositores de la gastronom\u00eda chaque\u00f1a.<\/p>\n","protected":false},"excerpt":{"rendered":"<p>El gobernador Jorge Capitanich recorri\u00f3, este domingo, el predio del parque 2 de febrero donde se realizan obras de remodelaci\u00f3n de cara a lo que ser\u00e1 una nueva edici\u00f3n de la Bienal de las Esculturas. Las intervenciones se ejecutan en el marco de un convenio de cooperaci\u00f3n del Gobierno provincial con el Municipio de Resistencia, [&hellip;]<\/p>\n","protected":false},"author":1,"featured_media":15949,"comment_status":"closed","ping_status":"closed","sticky":false,"template":"","format":"standard","meta":{"footnotes":""},"categories":[6],"tags":[],"class_list":{"0":"post-15948","1":"post","2":"type-post","3":"status-publish","4":"format-standard","5":"has-post-thumbnail","7":"category-chaco"},"_links":{"self":[{"href":"https:\/\/chacosintesis.com.ar\/index.php\/wp-json\/wp\/v2\/posts\/15948","targetHints":{"allow":["GET"]}}],"collection":[{"href":"https:\/\/chacosintesis.com.ar\/index.php\/wp-json\/wp\/v2\/posts"}],"about":[{"href":"https:\/\/chacosintesis.com.ar\/index.php\/wp-json\/wp\/v2\/types\/post"}],"author":[{"embeddable":true,"href":"https:\/\/chacosintesis.com.ar\/index.php\/wp-json\/wp\/v2\/users\/1"}],"replies":[{"embeddable":true,"href":"https:\/\/chacosintesis.com.ar\/index.php\/wp-json\/wp\/v2\/comments?post=15948"}],"version-history":[{"count":0,"href":"https:\/\/chacosintesis.com.ar\/index.php\/wp-json\/wp\/v2\/posts\/15948\/revisions"}],"wp:featuredmedia":[{"embeddable":true,"href":"https:\/\/chacosintesis.com.ar\/index.php\/wp-json\/wp\/v2\/media\/15949"}],"wp:attachment":[{"href":"https:\/\/chacosintesis.com.ar\/index.php\/wp-json\/wp\/v2\/media?parent=15948"}],"wp:term":[{"taxonomy":"category","embeddable":true,"href":"https:\/\/chacosintesis.com.ar\/index.php\/wp-json\/wp\/v2\/categories?post=15948"},{"taxonomy":"post_tag","embeddable":true,"href":"https:\/\/chacosintesis.com.ar\/index.php\/wp-json\/wp\/v2\/tags?post=15948"}],"curies":[{"name":"wp","href":"https:\/\/api.w.org\/{rel}","templated":true}]}}