{"id":15942,"date":"2022-06-19T18:56:37","date_gmt":"2022-06-19T21:56:37","guid":{"rendered":"https:\/\/chacosintesis.com.ar\/?p=15942"},"modified":"2022-06-19T19:07:23","modified_gmt":"2022-06-19T22:07:23","slug":"impactante-siniestro-vial-deja-dos-muertos-sobre-ruta-16-a-la-altura-de-napenay","status":"publish","type":"post","link":"https:\/\/chacosintesis.com.ar\/index.php\/impactante-siniestro-vial-deja-dos-muertos-sobre-ruta-16-a-la-altura-de-napenay\/","title":{"rendered":"Impactante siniestro vial deja dos muertos sobre ruta 16 a la altura de Napenay"},"content":{"rendered":"<p>En un tr\u00e1gico accidente vial, perdieron la vida dos hombres, tras una violenta colisi\u00f3n frontal entre dos autom\u00f3viles este domingo alrededor de las 8 de la ma\u00f1ana.<\/p>\n<p>Los protagonistas fueron dos autom\u00f3viles que se desplazaban sobre ruta 16 a la altura de la localidad de Napenay. Perdieron la vida Cristian Ben\u00edtez de 36 a\u00f1os, chofer de uno de los rodados, mientras que la otra v\u00edctima fue identificada como Alejandro Pascuale de 20 a\u00f1os.<\/p>\n<p>Por causas que se tratan de establecer, los dos autom\u00f3viles habr\u00edan impactado de frente, y por la violencia de la colisi\u00f3n ambos conductores fallecieron de manera inmediata, seg\u00fan confirmaron las fuentes policiales.<br \/>\n El siniestro ocurri\u00f3 sobre ruta nacional 16 a la altura del kil\u00f3metro 205, donde impactaron de frente dos autom\u00f3viles Peugeot, uno 205 y otro 408, y en el momento del siniestro la visibilidad era \u00f3ptima. As\u00ed que desde las fuentes confiaron que se pudo haber tratado de un error humano o alguna maniobra brusca por parte de los conductores, por intentar esquivar algo, estimaron seg\u00fan las primeras observaciones.<\/p>\n<p>Intervinieron en el hecho, la divisi\u00f3n de Bomberos de la Polic\u00eda del Chaco de esta ciudad, quienes debieron trabajar por m\u00e1s de dos horas, para extraer los cuerpos de las v\u00edctimas de entre los hierros retorcidos, seg\u00fan se\u00f1al\u00f3 el jefe de la divisi\u00f3n comisario Alejandro Chichari.<\/p>\n<p>Adem\u00e1s, se cont\u00f3 con la ayuda de la comisar\u00eda local, y del intendente de la localidad de Napenay, que se ocup\u00f3 r\u00e1pidamente de todo el tr\u00e1mite de rigor, se pudo saber.<br \/>\n DIARIO NORTE.-<\/p>\n","protected":false},"excerpt":{"rendered":"<p>En un tr\u00e1gico accidente vial, perdieron la vida dos hombres, tras una violenta colisi\u00f3n frontal entre dos autom\u00f3viles este domingo alrededor de las 8 de la ma\u00f1ana. Los protagonistas fueron dos autom\u00f3viles que se desplazaban sobre ruta 16 a la altura de la localidad de Napenay. Perdieron la vida Cristian Ben\u00edtez de 36 a\u00f1os, chofer [&hellip;]<\/p>\n","protected":false},"author":1,"featured_media":15943,"comment_status":"closed","ping_status":"closed","sticky":false,"template":"","format":"standard","meta":{"footnotes":""},"categories":[6],"tags":[197],"class_list":{"0":"post-15942","1":"post","2":"type-post","3":"status-publish","4":"format-standard","5":"has-post-thumbnail","7":"category-chaco","8":"tag-destacada"},"_links":{"self":[{"href":"https:\/\/chacosintesis.com.ar\/index.php\/wp-json\/wp\/v2\/posts\/15942","targetHints":{"allow":["GET"]}}],"collection":[{"href":"https:\/\/chacosintesis.com.ar\/index.php\/wp-json\/wp\/v2\/posts"}],"about":[{"href":"https:\/\/chacosintesis.com.ar\/index.php\/wp-json\/wp\/v2\/types\/post"}],"author":[{"embeddable":true,"href":"https:\/\/chacosintesis.com.ar\/index.php\/wp-json\/wp\/v2\/users\/1"}],"replies":[{"embeddable":true,"href":"https:\/\/chacosintesis.com.ar\/index.php\/wp-json\/wp\/v2\/comments?post=15942"}],"version-history":[{"count":0,"href":"https:\/\/chacosintesis.com.ar\/index.php\/wp-json\/wp\/v2\/posts\/15942\/revisions"}],"wp:featuredmedia":[{"embeddable":true,"href":"https:\/\/chacosintesis.com.ar\/index.php\/wp-json\/wp\/v2\/media\/15943"}],"wp:attachment":[{"href":"https:\/\/chacosintesis.com.ar\/index.php\/wp-json\/wp\/v2\/media?parent=15942"}],"wp:term":[{"taxonomy":"category","embeddable":true,"href":"https:\/\/chacosintesis.com.ar\/index.php\/wp-json\/wp\/v2\/categories?post=15942"},{"taxonomy":"post_tag","embeddable":true,"href":"https:\/\/chacosintesis.com.ar\/index.php\/wp-json\/wp\/v2\/tags?post=15942"}],"curies":[{"name":"wp","href":"https:\/\/api.w.org\/{rel}","templated":true}]}}