{"id":15920,"date":"2022-06-17T12:11:49","date_gmt":"2022-06-17T15:11:49","guid":{"rendered":"https:\/\/chacosintesis.com.ar\/?p=15920"},"modified":"2022-06-17T12:36:53","modified_gmt":"2022-06-17T15:36:53","slug":"capitanich-anuncio-que-se-acelerara-la-creacion-de-nuevos-empleos-y-se-trabaja-fuertemente-en-combatir-la-desercion-escolar","status":"publish","type":"post","link":"https:\/\/chacosintesis.com.ar\/index.php\/capitanich-anuncio-que-se-acelerara-la-creacion-de-nuevos-empleos-y-se-trabaja-fuertemente-en-combatir-la-desercion-escolar\/","title":{"rendered":"Capitanich anunci\u00f3 que se acelerar\u00e1 la creaci\u00f3n de nuevos empleos y se trabaja fuertemente en combatir la deserci\u00f3n escolar"},"content":{"rendered":"<p>El gobernador Jorge Capitanich encabez\u00f3 una conferencia de prensa durante la ma\u00f1ana de este viernes junto a las ministras de Desarrollo Social y de Ambiente, y el ministro de Educaci\u00f3n, donde se plante\u00f3 la necesidad de acelerar el proceso de creaci\u00f3n de empleos, combatir la deserci\u00f3n escolar y aumentar el funcionamiento de las plantas de residuos s\u00f3lidos urbanos.<br \/>\nSobre la situaci\u00f3n laboral, el mandatario explic\u00f3 que hoy \u201cobservamos alta informalidad laboral, aunque Chaco es una de las provincias que m\u00e1s ha generado empleo formal\u201d, y plante\u00f3 que \u201cla informalidad laboral tiene incertidumbre, no tiene cobertura del sistema de seguridad social, es un ingreso inferior a los convenios colectivos, y entendemos que esto explica los indicadores vinculados a pobreza e indigencia\u201d.<br \/>\nEn ese sentido, el gobernador adelant\u00f3 que la meta de 20.000 mil empleos fijados para los pr\u00f3ximos tres a\u00f1os, buscar\u00e1 alcanzarse entre los pr\u00f3ximos 18 a 24 meses: \u201cQueremos redoblar la apuesta y ver si lo podemos hacer, son 10.000 empleos de reducci\u00f3n de la informalidad y 10.000 nuevos\u201d, manifest\u00f3, y se\u00f1al\u00f3 que \u201ctenemos las herramientas para hacerlo, necesitamos cooperaci\u00f3n entre todos para divulgarlas, utilizarlas y garantizar las metas. Que los medios de comunicaci\u00f3n, los empresarios, las distintas \u00e1reas nos ayuden, esto aumentar\u00e1 el poder de compra, va a mejorar la perspectiva de las familias y la econom\u00eda\u201d.<br \/>\nEn su pedido, enumer\u00f3 la existencia de los programas \u201cMas Empleo\u201d, \u201cMi Trabajo\u201d o \u201cEmpleo Cuidado\u201d, que reciben un subsidio por parte del Gobierno hacia los sectores contratistas por una parte del salario del trabajador, y resalt\u00f3, a su vez, el fortalecimiento de la Agencia de Empleo, el Auto Empleo y el trabajo sobre la econom\u00eda popular. \u201cPonemos las herramientas a disposici\u00f3n para disminuir el empleo informal\u201d, recalc\u00f3.<br \/>\nAdem\u00e1s, agreg\u00f3 que, respecto de uno de los ejes centrales para la generaci\u00f3n de empleo en la provincia, el sector de la construcci\u00f3n, se est\u00e1 dise\u00f1ando \u201cun plan de soluciones habitacionales m\u00e1s fuerte\u201d, donde asegur\u00f3 que hoy se registran cerca de 11.000 trabajadores, pero que, con las pr\u00f3ximas licitaciones, se espera aumente a 20.000.<br \/>\nCombate a la deserci\u00f3n escolar<br \/>\nA su vez, el gobernador plante\u00f3 su preocupaci\u00f3n por los indicadores de deserci\u00f3n escolar en la provincia, y remarc\u00f3 que \u201cnecesitamos reducirlos a la mitad\u201d. \u201cHoy, de cada 100 estudiantes que ingresan a la primaria, casi 57 egresan en la secundaria. Necesitamos pegar un salto fuerte, que los estudiantes puedan ingresar y terminar\u201d, indic\u00f3.<br \/>\nEn ese sentido, anticip\u00f3 que tras el \u00faltimo censo se especula un \u00edndice del 2,5% respecto del analfabetismo, por lo cual explic\u00f3 que junto al ministro se trabajan \u201cl\u00edneas estrat\u00e9gicas\u201d basadas en \u201cextensi\u00f3n de la jornada, universalizaci\u00f3n de uso de materiales did\u00e1cticos y apoyo a la escolaridad\u201d.<br \/>\nA s\u00ed mismo, apunt\u00f3 que \u201ces muy importante la interconexi\u00f3n entre los ministerios de Educaci\u00f3n, Desarrollo Social y Planificaci\u00f3n, con el objeto de trabajar con empresarios en el perfil ocupacional. Tenemos que preparar, dentro del sistema educativo, las demandas que se necesiten, para que finalmente implique mano de obra calificada\u201d.<br \/>\nAmbiente y tratamiento<br \/>\nRespecto de la gesti\u00f3n de residuos s\u00f3lidos urbanos, calific\u00f3 esto como \u201cun gran problema para la provincia\u201d, y explic\u00f3 que \u201cel problema central es que tenemos que mejorar en 34 municipios, que no tienen infraestructura de clasificaci\u00f3n ni tratamiento, para lo cual, hemos trabajado en un proceso de financiamiento del Banco Interamericano de Desarrollo\u201d.<br \/>\n\u201cNecesitamos concientizaci\u00f3n para que la clasificaci\u00f3n aumente\u201d, sostuvo, y precis\u00f3 que \u201cvamos a incrementar la ampliaci\u00f3n y refacci\u00f3n de las plantas de residuos s\u00f3lidos urbanos en Miraflores, Colonia Elisa, Colonia Benitez, Vedia, Las Garcias, Capdevilla, Los Frentones, Puerto Bermejo y Puerto Eva Per\u00f3n\u201d. \u201cEl desaf\u00edo es que cada vez nos falte menos, aun cuando nos falta\u201d, concluy\u00f3.<\/p>\n","protected":false},"excerpt":{"rendered":"<p>El gobernador Jorge Capitanich encabez\u00f3 una conferencia de prensa durante la ma\u00f1ana de este viernes junto a las ministras de Desarrollo Social y de Ambiente, y el ministro de Educaci\u00f3n, donde se plante\u00f3 la necesidad de acelerar el proceso de creaci\u00f3n de empleos, combatir la deserci\u00f3n escolar y aumentar el funcionamiento de las plantas de [&hellip;]<\/p>\n","protected":false},"author":1,"featured_media":15921,"comment_status":"closed","ping_status":"closed","sticky":false,"template":"","format":"standard","meta":{"footnotes":""},"categories":[6],"tags":[],"class_list":{"0":"post-15920","1":"post","2":"type-post","3":"status-publish","4":"format-standard","5":"has-post-thumbnail","7":"category-chaco"},"_links":{"self":[{"href":"https:\/\/chacosintesis.com.ar\/index.php\/wp-json\/wp\/v2\/posts\/15920","targetHints":{"allow":["GET"]}}],"collection":[{"href":"https:\/\/chacosintesis.com.ar\/index.php\/wp-json\/wp\/v2\/posts"}],"about":[{"href":"https:\/\/chacosintesis.com.ar\/index.php\/wp-json\/wp\/v2\/types\/post"}],"author":[{"embeddable":true,"href":"https:\/\/chacosintesis.com.ar\/index.php\/wp-json\/wp\/v2\/users\/1"}],"replies":[{"embeddable":true,"href":"https:\/\/chacosintesis.com.ar\/index.php\/wp-json\/wp\/v2\/comments?post=15920"}],"version-history":[{"count":0,"href":"https:\/\/chacosintesis.com.ar\/index.php\/wp-json\/wp\/v2\/posts\/15920\/revisions"}],"wp:featuredmedia":[{"embeddable":true,"href":"https:\/\/chacosintesis.com.ar\/index.php\/wp-json\/wp\/v2\/media\/15921"}],"wp:attachment":[{"href":"https:\/\/chacosintesis.com.ar\/index.php\/wp-json\/wp\/v2\/media?parent=15920"}],"wp:term":[{"taxonomy":"category","embeddable":true,"href":"https:\/\/chacosintesis.com.ar\/index.php\/wp-json\/wp\/v2\/categories?post=15920"},{"taxonomy":"post_tag","embeddable":true,"href":"https:\/\/chacosintesis.com.ar\/index.php\/wp-json\/wp\/v2\/tags?post=15920"}],"curies":[{"name":"wp","href":"https:\/\/api.w.org\/{rel}","templated":true}]}}