{"id":15918,"date":"2022-06-17T08:00:00","date_gmt":"2022-06-17T11:00:00","guid":{"rendered":"https:\/\/chacosintesis.com.ar\/?p=15918"},"modified":"2022-06-17T08:07:13","modified_gmt":"2022-06-17T11:07:13","slug":"avanzan-obras-estrategicas-para-comunidades-del-oeste-chaqueno","status":"publish","type":"post","link":"https:\/\/chacosintesis.com.ar\/index.php\/avanzan-obras-estrategicas-para-comunidades-del-oeste-chaqueno\/","title":{"rendered":"Avanzan obras estrat\u00e9gicas para comunidades del oeste chaque\u00f1o"},"content":{"rendered":"<p>El ministro de Planificaci\u00f3n, Econom\u00eda e Infraestructura recorri\u00f3 diversos proyectos que beneficiar\u00e1n a las familias de Concepci\u00f3n del Bermejo, Pampa del Infierno y Los Frentones.<br \/>\n El ministro de Planificaci\u00f3n, Econom\u00eda e Infraestructura, Santiago P\u00e9rez Pons realiz\u00f3 una recorrida por el oeste provincial, acompa\u00f1ado por funcionarios y funcionarias de diferentes municipios. Las visitas a diversas obras empezaron temprano por la ma\u00f1ana en Concepci\u00f3n del Bermejo, continuaron en Pampa del Infierno y finalizaron por la tarde en Los Frentones. De esta forma constataron el avance de las obras que beneficiar\u00e1n a las familias y contin\u00faan el di\u00e1logo con los municipios para proyectar futuras inversiones.<br \/>\nP\u00e9rez Pons remarc\u00f3 la importancia de acercarse a las localidades para trabajar en conjunto con todos los municipios: \u201cCon &#8220;Chaco Crece Unido&#8221; desde el gobierno provincial llegamos con obras a lo largo y ancho del territorio provincial. En esta oportunidad recorrimos el oeste, que est\u00e1 en desarrollo y tiene un gran potencial para crecer econ\u00f3micamente. La obra p\u00fablica es un gran reactivador de la econom\u00eda regional, que impulsamos en toda la Provincia\u201d, destac\u00f3 el titular de la cartera econ\u00f3mica.<\/p>\n<p>Concepci\u00f3n del Bermejo<br \/>\nEn el primer destino de la recorrida visitaron obras de electrificaci\u00f3n rural junto al intendente Ra\u00fal Maldonado y concejales. En este municipio m\u00e1s de 40 familias de la localidad y de los parajes Lote 30, Pampa Juanita y El Mangrullo se vieron beneficiadas con un nuevo tendido el\u00e9ctrico. Adem\u00e1s, se busca continuar la gesti\u00f3n, proyectando nuevas obras durante este a\u00f1o a fin de llegar a 33 familias m\u00e1s de la zona.<br \/>\n Asimismo, verificaron el inicio de obra de la refacci\u00f3n integral de la plaza central y la plazoleta del barrio Sur y visitaron las refacciones en el Centro Integrador Comunitario, el Sal\u00f3n de Usos M\u00faltiples y veredas que se ejecutan a trav\u00e9s del programa \u201cArgentina Hace\u201d.<br \/>\nDesde el gobierno provincial adelantaron que en esta localidad se proyecta la construcci\u00f3n de 14 nuevas cuadras de pavimento urbano, nueva iluminaci\u00f3n y la pronta reactivaci\u00f3n de 70 viviendas que fueron paralizadas en la gesti\u00f3n nacional anterior, en 2015.<\/p>\n<p>Pampa del Infierno<br \/>\nM\u00e1s adelante el equipo del ministerio de Planificaci\u00f3n, Econom\u00eda e Infraestructura lleg\u00f3 a esta localidad, acompa\u00f1ado del presidente del IAFEP (Instituto de Agricultura Familiar y Econom\u00eda Popular), quien como vecino del lugar, conocedor de sus necesidades tom\u00f3 contacto con las familias y elev\u00f3 los requerimientos oportunamente. Tambi\u00e9n se sumaron a la recorrida la intendenta Glenda Seifert y el concejal Gustavo Pasamani.<br \/>\n El ministro P\u00e9rez Pons destac\u00f3 el acompa\u00f1amiento de Andi\u00f3n en esta visita, ya que \u201cla mayor\u00eda de las obras y futuros proyectos que visitamos fueron solicitadas a pedido del presidente del IAFEP\u201d. Por un lado, visitaron el frigor\u00edfico local, espacio fundamental para los trabajadores y trabajadoras rurales, productores y campesinos y campesinas de la zona, que se empezar\u00e1 a ejecutar la pr\u00f3xima semana.<br \/>\nAdem\u00e1s, estuvieron en el futuro Centro de Desarrollo Infantil (CDI) y la plaza, lugares clave para el desarrollo pleno de las infancias. Los CDI son espacios donde se trabaja la primera infancia, donde ni\u00f1os y ni\u00f1as de 0 a 4 a\u00f1os aprenden, juegan y se desarrollan de manera segura, mientras sus familias pueden ir a trabajar con la tranquilidad de una contenci\u00f3n garantizada para sus hijas e hijos.<\/p>\n<p>Los Frentones<br \/>\n Para finalizar el d\u00eda, junto a la intendenta Judith G\u00f3mez, visitaron obras de electrificaci\u00f3n rural que tienen un avance del 60% y beneficiar\u00e1 a 20 familias, tambi\u00e9n recorrieron futuros espacios de contenci\u00f3n y recreaci\u00f3n como el polideportivo municipal y el paseo Guaycur\u00fa.<br \/>\nAsimismo, estuvieron en puntos que est\u00e1n en ejecuci\u00f3n como el pavimento urbano, refacciones y ampliaciones en las escuelas Secundaria N\u00ba 55 &#8220;Estanislao L\u00f3pez&#8221; y Primaria N\u00b0 844 \u201cMirta Gladys Santill\u00e1n\u201d y la primera etapa del sistema de agua potable. A su vez, recorrieron los predios donde se iniciar\u00e1 la construcci\u00f3n de 18 viviendas y 20 viviendas, que solucionar\u00e1n problem\u00e1ticas habitacionales para 38 familias.<br \/>\nLa comitiva tambi\u00e9n estuvo en la plaza central de Los Frentones y de R\u00edo Muerto, escenarios p\u00fablicos que se refaccionar\u00e1n para que las familias disfruten de un lugar de encuentro, esparcimiento y recreaci\u00f3n y donde los ni\u00f1os y ni\u00f1as podr\u00e1n jugar y divertirse con los juegos y espacios verdes. La plaza de R\u00edo Muerto comenzar\u00e1 a refaccionarse la semana pr\u00f3xima y contar\u00e1 con peatonal, ba\u00f1os, escenarios, parquizado e iluminaci\u00f3n para que los vecinos y vecinas dispongan de un lugar para disfrutar al aire libre y donde se podr\u00e1n realizar actividades y eventos.<\/p>\n<p>Al finalizar el recorrido, P\u00e9rez Pons demostr\u00f3 su conformidad con el viaje realizado ya que pudieron afianzar lazos con los distintos municipios y proyectar acciones futuras. Por su parte, destac\u00f3: \u201cSeguiremos recorriendo obras y trabajando en conjunto con los 69 municipios como lo venimos haciendo, para emprender m\u00e1s proyectos y generar m\u00e1s empleo, y de esta forma continuar por el camino de la recuperaci\u00f3n econ\u00f3mica con el que acompa\u00f1amos al gobierno nacional\u201d.<\/p>\n","protected":false},"excerpt":{"rendered":"<p>El ministro de Planificaci\u00f3n, Econom\u00eda e Infraestructura recorri\u00f3 diversos proyectos que beneficiar\u00e1n a las familias de Concepci\u00f3n del Bermejo, Pampa del Infierno y Los Frentones. El ministro de Planificaci\u00f3n, Econom\u00eda e Infraestructura, Santiago P\u00e9rez Pons realiz\u00f3 una recorrida por el oeste provincial, acompa\u00f1ado por funcionarios y funcionarias de diferentes municipios. Las visitas a diversas obras [&hellip;]<\/p>\n","protected":false},"author":1,"featured_media":15919,"comment_status":"closed","ping_status":"closed","sticky":false,"template":"","format":"standard","meta":{"footnotes":""},"categories":[6],"tags":[],"class_list":{"0":"post-15918","1":"post","2":"type-post","3":"status-publish","4":"format-standard","5":"has-post-thumbnail","7":"category-chaco"},"_links":{"self":[{"href":"https:\/\/chacosintesis.com.ar\/index.php\/wp-json\/wp\/v2\/posts\/15918","targetHints":{"allow":["GET"]}}],"collection":[{"href":"https:\/\/chacosintesis.com.ar\/index.php\/wp-json\/wp\/v2\/posts"}],"about":[{"href":"https:\/\/chacosintesis.com.ar\/index.php\/wp-json\/wp\/v2\/types\/post"}],"author":[{"embeddable":true,"href":"https:\/\/chacosintesis.com.ar\/index.php\/wp-json\/wp\/v2\/users\/1"}],"replies":[{"embeddable":true,"href":"https:\/\/chacosintesis.com.ar\/index.php\/wp-json\/wp\/v2\/comments?post=15918"}],"version-history":[{"count":0,"href":"https:\/\/chacosintesis.com.ar\/index.php\/wp-json\/wp\/v2\/posts\/15918\/revisions"}],"wp:featuredmedia":[{"embeddable":true,"href":"https:\/\/chacosintesis.com.ar\/index.php\/wp-json\/wp\/v2\/media\/15919"}],"wp:attachment":[{"href":"https:\/\/chacosintesis.com.ar\/index.php\/wp-json\/wp\/v2\/media?parent=15918"}],"wp:term":[{"taxonomy":"category","embeddable":true,"href":"https:\/\/chacosintesis.com.ar\/index.php\/wp-json\/wp\/v2\/categories?post=15918"},{"taxonomy":"post_tag","embeddable":true,"href":"https:\/\/chacosintesis.com.ar\/index.php\/wp-json\/wp\/v2\/tags?post=15918"}],"curies":[{"name":"wp","href":"https:\/\/api.w.org\/{rel}","templated":true}]}}