{"id":15904,"date":"2022-06-16T10:07:09","date_gmt":"2022-06-16T13:07:09","guid":{"rendered":"https:\/\/chacosintesis.com.ar\/?p=15904"},"modified":"2022-06-16T10:36:41","modified_gmt":"2022-06-16T13:36:41","slug":"barranqueras-un-colectivo-se-prendio-fuego-sobre-avenida-9-de-julio-mientras-realizaba-su-recorrido","status":"publish","type":"post","link":"https:\/\/chacosintesis.com.ar\/index.php\/barranqueras-un-colectivo-se-prendio-fuego-sobre-avenida-9-de-julio-mientras-realizaba-su-recorrido\/","title":{"rendered":"Barranqueras: Un colectivo se prendi\u00f3 fuego sobre avenida 9 de Julio mientras realizaba su recorrido"},"content":{"rendered":"<p>Cerca de las 8:00 de este jueves, un colectivo de la l\u00ednea 106 que pertenece a la empresa \u201cErsa\u201d, se prendi\u00f3 fuego en avenida 9 de Julio al 4.000, en la ciudad de Barranqueras, por lo que debieron evacuar a todos los pasajeros.<br \/>\nSeg\u00fan se consign\u00f3 en un informe policial, el chofer del micro, un hombre de 28 a\u00f1os, relat\u00f3 que el incendio se gener\u00f3 \u201cpor un desperfecto mec\u00e1nico\u201d, y precis\u00f3 que \u201cdesde la parte del tablero comenz\u00f3 a salir humo, y ante el riesgo de incendio, detuvo la unidad e hizo bajar a los pasajeros, y en ese momento comenz\u00f3 a incendiarse\u201d.<br \/>\nEn el lugar intervino la dotaci\u00f3n de bomberos voluntarios de la localidad portuaria, quienes logaron sofocar el foco \u00edgneo proveniente desde la parte delantera del veh\u00edculo. Adem\u00e1s, desde la Polic\u00eda precisaron que no se registraron lesionados, y que se inici\u00f3 una causa judicial por \u201csupuesto incendio\u201d.<\/p>\n","protected":false},"excerpt":{"rendered":"<p>Cerca de las 8:00 de este jueves, un colectivo de la l\u00ednea 106 que pertenece a la empresa \u201cErsa\u201d, se prendi\u00f3 fuego en avenida 9 de Julio al 4.000, en la ciudad de Barranqueras, por lo que debieron evacuar a todos los pasajeros. Seg\u00fan se consign\u00f3 en un informe policial, el chofer del micro, un [&hellip;]<\/p>\n","protected":false},"author":1,"featured_media":15905,"comment_status":"closed","ping_status":"closed","sticky":false,"template":"","format":"standard","meta":{"footnotes":""},"categories":[6],"tags":[],"class_list":{"0":"post-15904","1":"post","2":"type-post","3":"status-publish","4":"format-standard","5":"has-post-thumbnail","7":"category-chaco"},"_links":{"self":[{"href":"https:\/\/chacosintesis.com.ar\/index.php\/wp-json\/wp\/v2\/posts\/15904","targetHints":{"allow":["GET"]}}],"collection":[{"href":"https:\/\/chacosintesis.com.ar\/index.php\/wp-json\/wp\/v2\/posts"}],"about":[{"href":"https:\/\/chacosintesis.com.ar\/index.php\/wp-json\/wp\/v2\/types\/post"}],"author":[{"embeddable":true,"href":"https:\/\/chacosintesis.com.ar\/index.php\/wp-json\/wp\/v2\/users\/1"}],"replies":[{"embeddable":true,"href":"https:\/\/chacosintesis.com.ar\/index.php\/wp-json\/wp\/v2\/comments?post=15904"}],"version-history":[{"count":0,"href":"https:\/\/chacosintesis.com.ar\/index.php\/wp-json\/wp\/v2\/posts\/15904\/revisions"}],"wp:featuredmedia":[{"embeddable":true,"href":"https:\/\/chacosintesis.com.ar\/index.php\/wp-json\/wp\/v2\/media\/15905"}],"wp:attachment":[{"href":"https:\/\/chacosintesis.com.ar\/index.php\/wp-json\/wp\/v2\/media?parent=15904"}],"wp:term":[{"taxonomy":"category","embeddable":true,"href":"https:\/\/chacosintesis.com.ar\/index.php\/wp-json\/wp\/v2\/categories?post=15904"},{"taxonomy":"post_tag","embeddable":true,"href":"https:\/\/chacosintesis.com.ar\/index.php\/wp-json\/wp\/v2\/tags?post=15904"}],"curies":[{"name":"wp","href":"https:\/\/api.w.org\/{rel}","templated":true}]}}