{"id":15900,"date":"2022-06-16T10:00:07","date_gmt":"2022-06-16T13:00:07","guid":{"rendered":"https:\/\/chacosintesis.com.ar\/?p=15900"},"modified":"2022-06-16T10:07:36","modified_gmt":"2022-06-16T13:07:36","slug":"las-escuelas-primarias-tendran-la-ampliacion-de-jornada-despues-del-receso-de-invierno","status":"publish","type":"post","link":"https:\/\/chacosintesis.com.ar\/index.php\/las-escuelas-primarias-tendran-la-ampliacion-de-jornada-despues-del-receso-de-invierno\/","title":{"rendered":"Las escuelas primarias tendr\u00e1n la ampliaci\u00f3n de jornada despu\u00e9s del receso de invierno"},"content":{"rendered":"<p>El ministro de Educaci\u00f3n de la Provincia, Aldo Lineras, ratific\u00f3 que la cartera educativa avanza hacia la implementaci\u00f3n de la jornada escolar ampliada, con el objetivo de que a partir de la segunda mitad del ciclo lectivo, tras el receso de invierno, la totalidad de las escuelas primarias de gesti\u00f3n estatal del Chaco brinden una hora m\u00e1s de clase.<br \/>\nCon esta meta, el Ministerio iniciar\u00e1 en las pr\u00f3ximas semanas un proceso de consulta que involucrar\u00e1 tanto a docentes, a trav\u00e9s de los sindicatos, como a padres y madres, mediante los consejos escolares. &#8220;Avanzamos con la convicci\u00f3n de que una hora m\u00e1s de clase nos ayudar\u00e1 a recuperar parte de lo perdido durante la pandemia, y a la vez profundizar lo que necesitamos en las \u00e1reas de Lengua y Matem\u00e1tica&#8221;, afirm\u00f3 Lineras. En esa l\u00ednea, celebr\u00f3 que la cartera &#8220;afortunadamente pudo avanzar a paso firme en la distribuci\u00f3n de libros de estas dos \u00e1reas para cada uno y cada una de los ni\u00f1os y ni\u00f1as de primero a s\u00e9ptimo grado de nuestras escuelas&#8221;. El ministro hace referencia al programa nacional Libros para Aprender: Poner en foco la lectura, escritura y matem\u00e1tica en la escuela primaria, mediante el cual Chaco recibir\u00e1 un total de 260.652 ejemplares, dos para cada estudiante y cada docente de primaria (uno de Lengua y otro de Matem\u00e1tica) para dar continuidad al trabajo pedag\u00f3gico en hogares, ayudando a las familias en el acompa\u00f1amiento de diferentes trayectorias educativas.<br \/>\nEn cuanto a lo presupuestario, explic\u00f3 que la iniciativa de jornada ampliada se concretar\u00e1 mediante un convenio entre Provincia y Naci\u00f3n en virtud del cual la cartera educativa nacional se compromete a aportar el 80% para el pago de salarios. &#8220;Si podemos empezar (a implementar la jornada ampliada) al retorno del receso de invierno, estar\u00edamos en condiciones de ofrecer ya en el sueldo de agosto una mejora que representa un piso de entre 13 y 15% de aumento en el ingreso&#8221;, precis\u00f3. Cabe aclarar que se trata de un incremento que viene de la mano con un aumento de las horas trabajadas, y que solo alcanzar\u00e1 a docentes de nivel primario de escuelas de gesti\u00f3n estatal.<br \/>\n&#8220;Es un camino que ya lo tenemos discutido con el gobernador Jorge Capitanich y con el ministro de Econom\u00eda (Santiago P\u00e9rez Pons), quien est\u00e1 analizando la manera para afrontar el 20% (para el pago de salarios) que le corresponde a la provincia, y aprovechar esta coyuntura y esta decisi\u00f3n del gobierno nacional&#8221;, asegur\u00f3 Lineras.<br \/>\nAsimismo, adelant\u00f3 que la cartera educativa tiene &#8220;la aspiraci\u00f3n de sumar escuelas de jornada completa, m\u00e1s all\u00e1 de esta jornada ampliada&#8221;, &#8220;En general nos vemos limitados por la infraestructura, pero en el \u00e1mbito rural, por ejemplo, consideramos que tendremos un buen n\u00famero de establecimientos que pasar\u00e1n de la jornada simple a la jornada completa&#8221;, cerr\u00f3.<\/p>\n","protected":false},"excerpt":{"rendered":"<p>El ministro de Educaci\u00f3n de la Provincia, Aldo Lineras, ratific\u00f3 que la cartera educativa avanza hacia la implementaci\u00f3n de la jornada escolar ampliada, con el objetivo de que a partir de la segunda mitad del ciclo lectivo, tras el receso de invierno, la totalidad de las escuelas primarias de gesti\u00f3n estatal del Chaco brinden una [&hellip;]<\/p>\n","protected":false},"author":1,"featured_media":15901,"comment_status":"closed","ping_status":"closed","sticky":false,"template":"","format":"standard","meta":{"footnotes":""},"categories":[6],"tags":[197],"class_list":{"0":"post-15900","1":"post","2":"type-post","3":"status-publish","4":"format-standard","5":"has-post-thumbnail","7":"category-chaco","8":"tag-destacada"},"_links":{"self":[{"href":"https:\/\/chacosintesis.com.ar\/index.php\/wp-json\/wp\/v2\/posts\/15900","targetHints":{"allow":["GET"]}}],"collection":[{"href":"https:\/\/chacosintesis.com.ar\/index.php\/wp-json\/wp\/v2\/posts"}],"about":[{"href":"https:\/\/chacosintesis.com.ar\/index.php\/wp-json\/wp\/v2\/types\/post"}],"author":[{"embeddable":true,"href":"https:\/\/chacosintesis.com.ar\/index.php\/wp-json\/wp\/v2\/users\/1"}],"replies":[{"embeddable":true,"href":"https:\/\/chacosintesis.com.ar\/index.php\/wp-json\/wp\/v2\/comments?post=15900"}],"version-history":[{"count":0,"href":"https:\/\/chacosintesis.com.ar\/index.php\/wp-json\/wp\/v2\/posts\/15900\/revisions"}],"wp:featuredmedia":[{"embeddable":true,"href":"https:\/\/chacosintesis.com.ar\/index.php\/wp-json\/wp\/v2\/media\/15901"}],"wp:attachment":[{"href":"https:\/\/chacosintesis.com.ar\/index.php\/wp-json\/wp\/v2\/media?parent=15900"}],"wp:term":[{"taxonomy":"category","embeddable":true,"href":"https:\/\/chacosintesis.com.ar\/index.php\/wp-json\/wp\/v2\/categories?post=15900"},{"taxonomy":"post_tag","embeddable":true,"href":"https:\/\/chacosintesis.com.ar\/index.php\/wp-json\/wp\/v2\/tags?post=15900"}],"curies":[{"name":"wp","href":"https:\/\/api.w.org\/{rel}","templated":true}]}}