{"id":15880,"date":"2022-06-14T08:45:40","date_gmt":"2022-06-14T11:45:40","guid":{"rendered":"https:\/\/chacosintesis.com.ar\/?p=15880"},"modified":"2022-06-14T09:07:33","modified_gmt":"2022-06-14T12:07:33","slug":"paritaria-docente-el-chaco-alcanzara-la-pauta-salarial-del-60-asegura-lineras","status":"publish","type":"post","link":"https:\/\/chacosintesis.com.ar\/index.php\/paritaria-docente-el-chaco-alcanzara-la-pauta-salarial-del-60-asegura-lineras\/","title":{"rendered":"Paritaria docente: \u201cEl Chaco alcanzar\u00e1 la pauta salarial del 60%\u201d, asegura Lineras"},"content":{"rendered":"<p>&#8220;Particip\u00e9 de la paritaria nacional; no tiene grandes variaciones para nuestra provincia, vamos a estar dentro de este esquema de pauta salarial&#8221;, afirm\u00f3 el funcionario. Cabe recordar que, en mayo, el Gobierno provincial efectiviz\u00f3 el incremento salarial al sector docente del 10%, adelant\u00e1ndose dos meses.<br \/>\n El ministro de Educaci\u00f3n de Chaco, Aldo Lineras, adelant\u00f3 que con el pr\u00f3ximo pago de sueldos de las y los docentes, el Gobierno provincial aplicar\u00e1 la \u201ccl\u00e1usula gatillo\u201d de acuerdo al porcentaje de inflaci\u00f3n que registre el INDEC a fin del actual mes, en cumplimiento del acuerdo paritario realizado en marzo pasado con la mayor\u00eda de los sindicatos del sector. Adem\u00e1s, se\u00f1al\u00f3 que junto al gobernador Jorge Capitanich y el ministro de Planificaci\u00f3n, Econom\u00eda e Infraestructura, Santiago P\u00e9rez Pons, estudian otras medidas en el marco del nuevo acuerdo paritario nacional docente (a trav\u00e9s del cual se adelantar\u00e1n tramos del aumento salarial previsto para este a\u00f1o), para alcanzar en diciembre una pauta de un 60,8%.<br \/>\nLineras, quien el viernes pasado particip\u00f3 de la reuni\u00f3n paritaria nacional, se\u00f1al\u00f3 que el acuerdo \u201cno presenta grandes variaciones para el Chaco\u201d, y que la provincia estar\u00e1 \u201cdentro de este esquema de pauta salarial\u201d. Cabe recordar que el pasado mes de mayo el gobierno provincial efectiviz\u00f3 el incremento salarial al sector docente del 10%, adelant\u00e1ndose dos meses, el cual ser\u00e1 considerado a cuenta del aumento de julio en l\u00ednea con la inflaci\u00f3n acumulada del segundo trimestre, tal como fue acordado a principio de a\u00f1o con todo el arco gremial.<br \/>\nAmpliaci\u00f3n de jornada escolar<br \/>\nLineras tambi\u00e9n manifest\u00f3 que se analiza la posibilidad de implementar despu\u00e9s de las vacaciones de invierno la jornada ampliada (o extensi\u00f3n de jornada escolar) de una o dos horas para las escuelas primarias, \u201clo que, sin ser un aumento salarial, puede significar un incremento en los ingresos de un 15 a 18% para los y las docentes\u201d.<\/p>\n<p>El ministro explic\u00f3 que esta es una propuesta del Ministerio de Educaci\u00f3n de la Naci\u00f3n, y que se pueden sumar aquellas jurisdicciones del pa\u00eds que est\u00e9n de acuerdo con esta alternativa no s\u00f3lo de recomposici\u00f3n salarial y de mejora en los ingresos para equiparar la inflaci\u00f3n, sino tambi\u00e9n para ir optimizando el proceso de ense\u00f1anza y aprendizaje de Lengua y Matem\u00e1ticas, as\u00ed como fortalecer la continuidad pedag\u00f3gica y las trayectorias escolares.<\/p>\n","protected":false},"excerpt":{"rendered":"<p>&#8220;Particip\u00e9 de la paritaria nacional; no tiene grandes variaciones para nuestra provincia, vamos a estar dentro de este esquema de pauta salarial&#8221;, afirm\u00f3 el funcionario. Cabe recordar que, en mayo, el Gobierno provincial efectiviz\u00f3 el incremento salarial al sector docente del 10%, adelant\u00e1ndose dos meses. El ministro de Educaci\u00f3n de Chaco, Aldo Lineras, adelant\u00f3 que [&hellip;]<\/p>\n","protected":false},"author":1,"featured_media":15881,"comment_status":"closed","ping_status":"closed","sticky":false,"template":"","format":"standard","meta":{"footnotes":""},"categories":[6],"tags":[],"class_list":{"0":"post-15880","1":"post","2":"type-post","3":"status-publish","4":"format-standard","5":"has-post-thumbnail","7":"category-chaco"},"_links":{"self":[{"href":"https:\/\/chacosintesis.com.ar\/index.php\/wp-json\/wp\/v2\/posts\/15880","targetHints":{"allow":["GET"]}}],"collection":[{"href":"https:\/\/chacosintesis.com.ar\/index.php\/wp-json\/wp\/v2\/posts"}],"about":[{"href":"https:\/\/chacosintesis.com.ar\/index.php\/wp-json\/wp\/v2\/types\/post"}],"author":[{"embeddable":true,"href":"https:\/\/chacosintesis.com.ar\/index.php\/wp-json\/wp\/v2\/users\/1"}],"replies":[{"embeddable":true,"href":"https:\/\/chacosintesis.com.ar\/index.php\/wp-json\/wp\/v2\/comments?post=15880"}],"version-history":[{"count":0,"href":"https:\/\/chacosintesis.com.ar\/index.php\/wp-json\/wp\/v2\/posts\/15880\/revisions"}],"wp:featuredmedia":[{"embeddable":true,"href":"https:\/\/chacosintesis.com.ar\/index.php\/wp-json\/wp\/v2\/media\/15881"}],"wp:attachment":[{"href":"https:\/\/chacosintesis.com.ar\/index.php\/wp-json\/wp\/v2\/media?parent=15880"}],"wp:term":[{"taxonomy":"category","embeddable":true,"href":"https:\/\/chacosintesis.com.ar\/index.php\/wp-json\/wp\/v2\/categories?post=15880"},{"taxonomy":"post_tag","embeddable":true,"href":"https:\/\/chacosintesis.com.ar\/index.php\/wp-json\/wp\/v2\/tags?post=15880"}],"curies":[{"name":"wp","href":"https:\/\/api.w.org\/{rel}","templated":true}]}}