{"id":15876,"date":"2022-06-14T08:30:26","date_gmt":"2022-06-14T11:30:26","guid":{"rendered":"https:\/\/chacosintesis.com.ar\/?p=15876"},"modified":"2022-06-14T08:40:52","modified_gmt":"2022-06-14T11:40:52","slug":"cuando-los-funcionarios-de-capitanich-no-funcionan-la-propuesta-del-gobernador-es-descentralizar","status":"publish","type":"post","link":"https:\/\/chacosintesis.com.ar\/index.php\/cuando-los-funcionarios-de-capitanich-no-funcionan-la-propuesta-del-gobernador-es-descentralizar\/","title":{"rendered":"\u201cCuando los funcionarios de Capitanich no funcionan, la propuesta del gobernador es Descentralizar\u201d"},"content":{"rendered":"<p>El Foro de Concejales Radicales de la UCR de nuestra Provincia se manifiesta en contra del proyecto de Ley 205\/20 enviado por el Poder Ejecutivo provincial a la Legislatura.<br \/>\n Dicho proyecto pretende transferir a los intendentes la administraci\u00f3n de los servicios de salud, educaci\u00f3n, seguridad y obra p\u00fablica entre otros bajo el fundamento de desburocratizar y descentralizar el poder del Estado provincial.<\/p>\n<p>En todos los \u00e1mbitos donde se pretende delegar a trav\u00e9s de la firma de CONVENIOS INCONSTITUCIONALES por parte de los ejecutivos municipales en materia de salud, educaci\u00f3n, seguridad, etc; ocurre exactamente lo mismo.<br \/>\n No se fija el norte y las prioridades que nuestra poblaci\u00f3n verdaderamente nos exige sino todo lo contrario. Ello sin mencionar las constantes contradicciones entre el discurso del mismo ejecutivo o funcionarios con dependencia directa del mismo (l\u00e9ase ministros\/as) ante una misma problem\u00e1tica. El problema hoy es la falta de recursos por carencia de fondos. Si la PROVINCIA dice que no tiene fondos, \u00bfc\u00f3mo va a ASEGURAR que los municipios los tengan?<\/p>\n<p>Luego de una reuni\u00f3n virtual con los diputados Carim Peche , Dorys Lilian Arkwright y Zulma Galeano , desde el foro creemos que la descentralizaci\u00f3n merece un debate mucho m\u00e1s serio, amplio y participativo.<br \/>\n No se trata s\u00f3lo de intentar delegar responsabilidades inherentes a una funci\u00f3n sino de hacerlo conscientes que de cada \u201cpoder y\/o facultad\u201d que el Ejecutivo Provincial delegue a sus pares municipales, \u00e9stos cuenten con los medios operativos y econ\u00f3micos que el normal desenvolvimiento de los mismos traigan aparejados.<br \/>\n La Presidente del Foro, Nora Gauna Concejal , solicita apelar al sentido com\u00fan y exige al Ejecutivo Provincial precisi\u00f3n en su proyecto, porque as\u00ed como est\u00e1 redactado, no es m\u00e1s que una buena intenci\u00f3n sin recursos para llevar a cabo.<br \/>\n NORA GAUNA Presidente Foro de Concejales de la UCR<\/p>\n","protected":false},"excerpt":{"rendered":"<p>El Foro de Concejales Radicales de la UCR de nuestra Provincia se manifiesta en contra del proyecto de Ley 205\/20 enviado por el Poder Ejecutivo provincial a la Legislatura. Dicho proyecto pretende transferir a los intendentes la administraci\u00f3n de los servicios de salud, educaci\u00f3n, seguridad y obra p\u00fablica entre otros bajo el fundamento de desburocratizar [&hellip;]<\/p>\n","protected":false},"author":1,"featured_media":15877,"comment_status":"closed","ping_status":"closed","sticky":false,"template":"","format":"standard","meta":{"footnotes":""},"categories":[6],"tags":[],"class_list":{"0":"post-15876","1":"post","2":"type-post","3":"status-publish","4":"format-standard","5":"has-post-thumbnail","7":"category-chaco"},"_links":{"self":[{"href":"https:\/\/chacosintesis.com.ar\/index.php\/wp-json\/wp\/v2\/posts\/15876","targetHints":{"allow":["GET"]}}],"collection":[{"href":"https:\/\/chacosintesis.com.ar\/index.php\/wp-json\/wp\/v2\/posts"}],"about":[{"href":"https:\/\/chacosintesis.com.ar\/index.php\/wp-json\/wp\/v2\/types\/post"}],"author":[{"embeddable":true,"href":"https:\/\/chacosintesis.com.ar\/index.php\/wp-json\/wp\/v2\/users\/1"}],"replies":[{"embeddable":true,"href":"https:\/\/chacosintesis.com.ar\/index.php\/wp-json\/wp\/v2\/comments?post=15876"}],"version-history":[{"count":0,"href":"https:\/\/chacosintesis.com.ar\/index.php\/wp-json\/wp\/v2\/posts\/15876\/revisions"}],"wp:featuredmedia":[{"embeddable":true,"href":"https:\/\/chacosintesis.com.ar\/index.php\/wp-json\/wp\/v2\/media\/15877"}],"wp:attachment":[{"href":"https:\/\/chacosintesis.com.ar\/index.php\/wp-json\/wp\/v2\/media?parent=15876"}],"wp:term":[{"taxonomy":"category","embeddable":true,"href":"https:\/\/chacosintesis.com.ar\/index.php\/wp-json\/wp\/v2\/categories?post=15876"},{"taxonomy":"post_tag","embeddable":true,"href":"https:\/\/chacosintesis.com.ar\/index.php\/wp-json\/wp\/v2\/tags?post=15876"}],"curies":[{"name":"wp","href":"https:\/\/api.w.org\/{rel}","templated":true}]}}