{"id":15872,"date":"2022-06-14T08:20:07","date_gmt":"2022-06-14T11:20:07","guid":{"rendered":"https:\/\/chacosintesis.com.ar\/?p=15872"},"modified":"2022-06-14T08:40:51","modified_gmt":"2022-06-14T11:40:51","slug":"fiscal-confirmo-que-el-hombre-ajusticiado-estuvo-en-el-crimen-de-pereyra","status":"publish","type":"post","link":"https:\/\/chacosintesis.com.ar\/index.php\/fiscal-confirmo-que-el-hombre-ajusticiado-estuvo-en-el-crimen-de-pereyra\/","title":{"rendered":"Fiscal confirm\u00f3 que el hombre ajusticiado estuvo en el crimen de Pereyra"},"content":{"rendered":"<p>Todav\u00eda no est\u00e1 definido el m\u00f3vil del homicidio de Luis Pereyra, pero el fiscal asegur\u00f3 que el hombre quemado y asesinado estuvo involucrado.<\/p>\n<p>Se habr\u00eda confirmado de manera extraoficial que el deceso de Gustavo Rufino, fue producto de golpes, apu\u00f1alado, quemado y hasta torturado, teniendo en cuenta los hematomas en todo el cuerpo de la v\u00edctima, dijo una fuente.<br \/>\n El fiscal Marcelo Soto, que est\u00e1 al frente de la investigaci\u00f3n de los hechos de violencia que tuvieron lugar el pasado domingo en el barrio Santa M\u00f3nica, donde dos personas perdieron la vida de manera violenta, dijo que en toda su vida de fiscal jam\u00e1s le toc\u00f3 un caso tan aberrante como el sucedido.<br \/>\nEl fiscal confirm\u00f3 que la car\u00e1tula para los participantes del hecho delictivo que termin\u00f3 con la vida de Rufino seria de \u2018homicidio agravado\u2018 que es reclusi\u00f3n perpetua, y que en este caso tendr\u00eda varios agravantes como el ensa\u00f1amiento y la alevos\u00eda.<br \/>\nEl hecho que conmocion\u00f3 a toda la ciudad y que fue noticia nacional, pues todos los medios m\u00e1s renombrados se comunicaron con el fiscal que est\u00e1 investigando el sangriento crimen donde Rufino, de 36 a\u00f1os, fue ajusticiado por un grupo de personas pertenecientes a los pueblos originarios.<br \/>\nIncluso hasta llegaron a prenderle fuego cuando agonizaba tirado en la calle, tras una feroz paliza propinada por un grupo de personas del mencionado barrio.<br \/>\nLOS VIDEOS<br \/>\nLas pruebas m\u00e1s contundentes de lo que sucedi\u00f3 en el cruel asesinato contra Gustavo Rufino son los videos que muchos tienen en sus celulares, dijo el fiscal Marcelo Soto.<br \/>\nEstar\u00edan identificados los autores principales que derivaron en el sangriento crimen del vecino ya que varias personas que llegaron hasta el domicilio del mismo comienzan a atacarlo salvajemente, y despu\u00e9s ocurre todo lo dem\u00e1s, agreg\u00f3 el fiscal.<br \/>\nUN DETENIDO<br \/>\nEl fiscal en contacto con los medios de prensa, confirm\u00f3 la detenci\u00f3n de un joven de 17 a\u00f1os, quien estuvo involucrado en el homicidio de Luis Pereyra, que es el hombre que fue derivado en estado grave al hospital 4 de Junio, pero por las feas heridas que sufri\u00f3 no pudieron salvar la vida del mismo.<br \/>\nSoto dijo que el menor, detenido en una comisar\u00eda de una localidad del interior, fue aprehendido por personal policial.<br \/>\n DIARIO NORTE.-<\/p>\n","protected":false},"excerpt":{"rendered":"<p>Todav\u00eda no est\u00e1 definido el m\u00f3vil del homicidio de Luis Pereyra, pero el fiscal asegur\u00f3 que el hombre quemado y asesinado estuvo involucrado. Se habr\u00eda confirmado de manera extraoficial que el deceso de Gustavo Rufino, fue producto de golpes, apu\u00f1alado, quemado y hasta torturado, teniendo en cuenta los hematomas en todo el cuerpo de la [&hellip;]<\/p>\n","protected":false},"author":1,"featured_media":15873,"comment_status":"closed","ping_status":"closed","sticky":false,"template":"","format":"standard","meta":{"footnotes":""},"categories":[6],"tags":[197],"class_list":{"0":"post-15872","1":"post","2":"type-post","3":"status-publish","4":"format-standard","5":"has-post-thumbnail","7":"category-chaco","8":"tag-destacada"},"_links":{"self":[{"href":"https:\/\/chacosintesis.com.ar\/index.php\/wp-json\/wp\/v2\/posts\/15872","targetHints":{"allow":["GET"]}}],"collection":[{"href":"https:\/\/chacosintesis.com.ar\/index.php\/wp-json\/wp\/v2\/posts"}],"about":[{"href":"https:\/\/chacosintesis.com.ar\/index.php\/wp-json\/wp\/v2\/types\/post"}],"author":[{"embeddable":true,"href":"https:\/\/chacosintesis.com.ar\/index.php\/wp-json\/wp\/v2\/users\/1"}],"replies":[{"embeddable":true,"href":"https:\/\/chacosintesis.com.ar\/index.php\/wp-json\/wp\/v2\/comments?post=15872"}],"version-history":[{"count":0,"href":"https:\/\/chacosintesis.com.ar\/index.php\/wp-json\/wp\/v2\/posts\/15872\/revisions"}],"wp:featuredmedia":[{"embeddable":true,"href":"https:\/\/chacosintesis.com.ar\/index.php\/wp-json\/wp\/v2\/media\/15873"}],"wp:attachment":[{"href":"https:\/\/chacosintesis.com.ar\/index.php\/wp-json\/wp\/v2\/media?parent=15872"}],"wp:term":[{"taxonomy":"category","embeddable":true,"href":"https:\/\/chacosintesis.com.ar\/index.php\/wp-json\/wp\/v2\/categories?post=15872"},{"taxonomy":"post_tag","embeddable":true,"href":"https:\/\/chacosintesis.com.ar\/index.php\/wp-json\/wp\/v2\/tags?post=15872"}],"curies":[{"name":"wp","href":"https:\/\/api.w.org\/{rel}","templated":true}]}}