{"id":15868,"date":"2022-06-13T21:15:14","date_gmt":"2022-06-14T00:15:14","guid":{"rendered":"https:\/\/chacosintesis.com.ar\/?p=15868"},"modified":"2022-06-13T21:37:22","modified_gmt":"2022-06-14T00:37:22","slug":"aseguran-que-en-el-chaco-opera-la-celula-de-una-violenta-organizacion-narco","status":"publish","type":"post","link":"https:\/\/chacosintesis.com.ar\/index.php\/aseguran-que-en-el-chaco-opera-la-celula-de-una-violenta-organizacion-narco\/","title":{"rendered":"Aseguran que en el Chaco opera la c\u00e9lula de una violenta organizaci\u00f3n narco"},"content":{"rendered":"<p>Indicaron que &#8220;fueron detectadas en la Unidad Federal 7 de Resistencia y en el penal de Coronda, Santa Fe&#8221;. Hay m\u00e1s indicios.<br \/>\n Desde hace a\u00f1os, tanto fuerzas de seguridad comofuncionarios judiciales trabajan para evitar que se instalen en el Chaco y en el pa\u00eds las grandes organizaciones narco, que se hicieron conocidas por la violencia usada pare defender o conquistar territorios.<\/p>\n<p>Y como su principal territorio de acci\u00f3n son las c\u00e1rceles, son dif\u00edciles de detectar, pero la presencia de algunos tatuajes o las comunicaciones intervenidas permiten descubrir las nuevas c\u00e9lulas.<br \/>\nAparentemente una de estas dos herramientas permiti\u00f3 detectar que una c\u00e9lula del Primer Comando Capital (PCC) opera desde la U7, lugar donde est\u00e1n alojados peligrosos presos, muchos de ellos ligados con el narcotr\u00e1fico.<br \/>\n En tal sentido, en la edici\u00f3n de ayer del diario La Naci\u00f3n, se destac\u00f3 que &#8220;ya se confirm\u00f3 su presencia en la Argentina: se detect\u00f3 que en la Unidad Federal 7 (U7) de Resistencia, Chaco, y en el penal de Coronda, en Santa Fe, hay c\u00e9lulas activas de PCC&#8221;.<br \/>\nEl p\u00e1rrafo forma parte del informe elaborado por el periodista Germ\u00e1n de los Santos sobre el Primer Comando Capital y c\u00f3mo funciona este grupo que desde hace a\u00f1os busca operar en el pa\u00eds.<br \/>\n Para darse una idea de la peligrosidad del PCC, solo basta con decir que es el mismo grupo que est\u00e1 acusado de asesinar, en Colombia, al exfiscal paraguayo antimafia Marcelo Pecci, mientras este estaba en su luna de miel.<br \/>\nAntes de que se publicara la noticia en La Naci\u00f3n, tanto informes como reportes period\u00edsticos dieron cuenta de esta organizaci\u00f3n, que quiere controlar el tr\u00e1fico por la hidrov\u00eda Paran\u00e1-Paraguay, principal ruta para exportar coca\u00edna.<br \/>\nPor ejemplo, el informe de este a\u00f1o de la Procuradur\u00eda de Narcocriminalidad da cuenta de la lucha &#8220;contra la organizaci\u00f3n narcocriminal de alcance transnacional denominada Primer Comando de Frontera (PCF), la cual manten\u00eda v\u00ednculos con las facciones de crimen organizado brasile\u00f1as conocidas como Primer Comando da Capital (PCC), Comando Vermelho y Bala Na Cara&#8221;.<br \/>\nEl informe menciona que &#8220;luego de los procesamientos dictados en septiembre de 2021 se requiri\u00f3 la elevaci\u00f3n a juicio de nueve personas que integraron la estructura il\u00edcita comandada por N\u00e9stor Fabi\u00e1n Rojas desde el interior del Complejo Penitenciario 1 de Ezeiza, donde se encontraba detenido por tres casos de homicidio, maniobras de narcotr\u00e1fico y por elaborar un plan para atentar contra la vida de un juez de instrucci\u00f3n de Posadas&#8221;.<br \/>\nA finales de mayo, en Infobae determinaron que &#8220;en los primeros tres meses de 2022 fueron arrestados nueve hombres con prontuarios criminales en Brasil y Paraguay. Todos cayeron porque fueron encontrados en controles vehiculares con documentos personales falsos, con c\u00e9dulas de automotores adulteradas o con armas que no estaban autorizados a portar&#8221;.<br \/>\n Tambi\u00e9n debe notarse que en los \u00faltimos a\u00f1os aumentaron los allanamientos tanto en la U7 como en la U11 para revisar las celdas que usaban detenidos por causas relacionadas con el narcotr\u00e1fico.<br \/>\nEl \u00faltimo caso que tuvo publicidad estaba relacionado con una organizaci\u00f3n cuya base de operaciones est\u00e1 en Puerto Iguaz\u00fa, pero las cabezas fueron alojadas con la colonia penal federal de S\u00e1enz Pe\u00f1a.<br \/>\n DIARIO NORTE.-<\/p>\n","protected":false},"excerpt":{"rendered":"<p>Indicaron que &#8220;fueron detectadas en la Unidad Federal 7 de Resistencia y en el penal de Coronda, Santa Fe&#8221;. Hay m\u00e1s indicios. Desde hace a\u00f1os, tanto fuerzas de seguridad comofuncionarios judiciales trabajan para evitar que se instalen en el Chaco y en el pa\u00eds las grandes organizaciones narco, que se hicieron conocidas por la violencia [&hellip;]<\/p>\n","protected":false},"author":1,"featured_media":15869,"comment_status":"closed","ping_status":"closed","sticky":false,"template":"","format":"standard","meta":{"footnotes":""},"categories":[6],"tags":[197],"class_list":{"0":"post-15868","1":"post","2":"type-post","3":"status-publish","4":"format-standard","5":"has-post-thumbnail","7":"category-chaco","8":"tag-destacada"},"_links":{"self":[{"href":"https:\/\/chacosintesis.com.ar\/index.php\/wp-json\/wp\/v2\/posts\/15868","targetHints":{"allow":["GET"]}}],"collection":[{"href":"https:\/\/chacosintesis.com.ar\/index.php\/wp-json\/wp\/v2\/posts"}],"about":[{"href":"https:\/\/chacosintesis.com.ar\/index.php\/wp-json\/wp\/v2\/types\/post"}],"author":[{"embeddable":true,"href":"https:\/\/chacosintesis.com.ar\/index.php\/wp-json\/wp\/v2\/users\/1"}],"replies":[{"embeddable":true,"href":"https:\/\/chacosintesis.com.ar\/index.php\/wp-json\/wp\/v2\/comments?post=15868"}],"version-history":[{"count":0,"href":"https:\/\/chacosintesis.com.ar\/index.php\/wp-json\/wp\/v2\/posts\/15868\/revisions"}],"wp:featuredmedia":[{"embeddable":true,"href":"https:\/\/chacosintesis.com.ar\/index.php\/wp-json\/wp\/v2\/media\/15869"}],"wp:attachment":[{"href":"https:\/\/chacosintesis.com.ar\/index.php\/wp-json\/wp\/v2\/media?parent=15868"}],"wp:term":[{"taxonomy":"category","embeddable":true,"href":"https:\/\/chacosintesis.com.ar\/index.php\/wp-json\/wp\/v2\/categories?post=15868"},{"taxonomy":"post_tag","embeddable":true,"href":"https:\/\/chacosintesis.com.ar\/index.php\/wp-json\/wp\/v2\/tags?post=15868"}],"curies":[{"name":"wp","href":"https:\/\/api.w.org\/{rel}","templated":true}]}}