{"id":15856,"date":"2022-06-13T12:02:48","date_gmt":"2022-06-13T15:02:48","guid":{"rendered":"https:\/\/chacosintesis.com.ar\/?p=15856"},"modified":"2022-06-13T12:06:46","modified_gmt":"2022-06-13T15:06:46","slug":"juventud-de-convergencia-social-la-juventud-del-fdt-ignora-la-realidad-y-la-historia","status":"publish","type":"post","link":"https:\/\/chacosintesis.com.ar\/index.php\/juventud-de-convergencia-social-la-juventud-del-fdt-ignora-la-realidad-y-la-historia\/","title":{"rendered":"Juventud de Convergencia Social: &#8220;La juventud del FdT ignora la realidad y la historia&#8221;"},"content":{"rendered":"<p>La juventud del Frente de Todos comete el error de ignorar la realidad y la historia. Desde el retorno de la democracia en 1983 hasta el presente, el radicalismo gobern\u00f3 el Chaco en tres ocasiones. Dos de ellas bajo el mandato del Dr. \u00c1ngel Rozas, gran e hist\u00f3rico dirigente de la Uni\u00f3n C\u00edvica Radical. Por lo que en las restantes nueve ocasiones fue el PERONISMO el que administr\u00f3 nuestra provincia.<br \/>\nAun as\u00ed contin\u00faan evadiendo esta pesada carga, que es la de haber condenado a una provincia entera, echando la culpa a los dos a\u00f1os de Rozismo, tal y como lo plasmaron en el documento elaborado durante la jornada del \u201cPlenario por el Futuro\u201d el s\u00e1bado 11 de junio, llevada a cabo en el IES San Fernando Rey, instituto P\u00daBLICO al cual una vez m\u00e1s vistieron con las banderas de la hipocres\u00eda.<br \/>\nUtilizando este viejo recurso de \u201cechar la culpa al otro\u201d, han demostrado una vez m\u00e1s que carecen de responsabilidad, que de manera c\u00ednica defienden lo indefendible. El Rozismo del cual se dan el lujo de hablar es el radicalismo de las viviendas AIPO, de las viviendas rurales, del Plan de Alfabetizaci\u00f3n, de las residencias estudiantiles, de la electrificaci\u00f3n rural, del permanente acompa\u00f1amiento al campo, de los hospitales con m\u00e9dicos y medicamentos, de la integraci\u00f3n e igualdad de oportunidades. Que cuando nos fuimos dejamos tanto Sameep como Secheep con Superavit  y ahora hay deudas a m\u00e1s no poder, sus funcionarios que son noticia por estar condenados por corrupci\u00f3n, no por hacer una buena obra.<br \/>\nEl Frente de Todos carece de respuestas a los interrogantes que la sociedad de hoy presenta. Carecen  de pol\u00edticas educativas que preparen a hombres y mujeres cuyo objetivo sea la valorizaci\u00f3n del trabajo y no del asistencialismo. Carecen de pol\u00edticas sanitarias, econ\u00f3micas, ambientales y de g\u00e9nero.<br \/>\nConvergencia Social es un movimiento pol\u00edtico impregnado de razonabilidad, que siempre ha tenido como premisa la buena administraci\u00f3n de los recursos en funci\u00f3n de las necesidades esenciales del Estado. Algo que hoy no se ve en el gobierno de Jorge Milton Capitanich.<br \/>\nUna vez m\u00e1s, dato mata relato.<br \/>\n Bel\u00e9n Quijano Yedro \u2013 Pdte. JR Convergencia Social Rcia.<br \/>\nNicole Doldan Codutti \u2013 Pdte. JR Convergencia Social Pto. Tirol.<\/p>\n","protected":false},"excerpt":{"rendered":"<p>La juventud del Frente de Todos comete el error de ignorar la realidad y la historia. Desde el retorno de la democracia en 1983 hasta el presente, el radicalismo gobern\u00f3 el Chaco en tres ocasiones. Dos de ellas bajo el mandato del Dr. \u00c1ngel Rozas, gran e hist\u00f3rico dirigente de la Uni\u00f3n C\u00edvica Radical. Por [&hellip;]<\/p>\n","protected":false},"author":1,"featured_media":15857,"comment_status":"closed","ping_status":"closed","sticky":false,"template":"","format":"standard","meta":{"footnotes":""},"categories":[6],"tags":[],"class_list":{"0":"post-15856","1":"post","2":"type-post","3":"status-publish","4":"format-standard","5":"has-post-thumbnail","7":"category-chaco"},"_links":{"self":[{"href":"https:\/\/chacosintesis.com.ar\/index.php\/wp-json\/wp\/v2\/posts\/15856","targetHints":{"allow":["GET"]}}],"collection":[{"href":"https:\/\/chacosintesis.com.ar\/index.php\/wp-json\/wp\/v2\/posts"}],"about":[{"href":"https:\/\/chacosintesis.com.ar\/index.php\/wp-json\/wp\/v2\/types\/post"}],"author":[{"embeddable":true,"href":"https:\/\/chacosintesis.com.ar\/index.php\/wp-json\/wp\/v2\/users\/1"}],"replies":[{"embeddable":true,"href":"https:\/\/chacosintesis.com.ar\/index.php\/wp-json\/wp\/v2\/comments?post=15856"}],"version-history":[{"count":0,"href":"https:\/\/chacosintesis.com.ar\/index.php\/wp-json\/wp\/v2\/posts\/15856\/revisions"}],"wp:featuredmedia":[{"embeddable":true,"href":"https:\/\/chacosintesis.com.ar\/index.php\/wp-json\/wp\/v2\/media\/15857"}],"wp:attachment":[{"href":"https:\/\/chacosintesis.com.ar\/index.php\/wp-json\/wp\/v2\/media?parent=15856"}],"wp:term":[{"taxonomy":"category","embeddable":true,"href":"https:\/\/chacosintesis.com.ar\/index.php\/wp-json\/wp\/v2\/categories?post=15856"},{"taxonomy":"post_tag","embeddable":true,"href":"https:\/\/chacosintesis.com.ar\/index.php\/wp-json\/wp\/v2\/tags?post=15856"}],"curies":[{"name":"wp","href":"https:\/\/api.w.org\/{rel}","templated":true}]}}