{"id":15854,"date":"2022-06-13T09:23:42","date_gmt":"2022-06-13T12:23:42","guid":{"rendered":"https:\/\/chacosintesis.com.ar\/?p=15854"},"modified":"2022-06-13T10:06:53","modified_gmt":"2022-06-13T13:06:53","slug":"el-gobierno-provincial-habilito-mas-obras-de-infraestructura-urbana-en-hermoso-campo","status":"publish","type":"post","link":"https:\/\/chacosintesis.com.ar\/index.php\/el-gobierno-provincial-habilito-mas-obras-de-infraestructura-urbana-en-hermoso-campo\/","title":{"rendered":"El gobierno provincial habilit\u00f3 m\u00e1s obras de infraestructura urbana en Hermoso Campo"},"content":{"rendered":"<p>El gobierno provincial habilit\u00f3 esta tarde obras de infraestructura urbana en Hermoso Campo. Se trata de nuevas cuadras de pavimento urbano, y el Sal\u00f3n de Usos M\u00faltiples de Veteranos de Guerra &#8220;Soldado Mateo Lachowski&#8221; de la localidad, un espacio para la memoria y para la reivindicaci\u00f3n de nuestros h\u00e9roes. De ambas actividades particip\u00f3 el gobernador Jorge Capitanich y la vicegobernadora Anal\u00eda Rach Quiroga, tras desarrollar agenda en Charata e It\u00edn y previo al acto por el aniversario de general Capdevila, todo en el sudoeste chaque\u00f1o.<br \/>\n\u201cLas obras de pavimento urbano generan trabajo indirecto para alba\u00f1iles que realizan las rampas de acceso y se\u00f1alizaci\u00f3n, previniendo los accidentes viales. El nuevo alumbrado p\u00fablico permite minimizar los riesgos de inseguridad y genera m\u00e1s comunicaci\u00f3n para que alumnos, docentes y servicios de emergencias puedan trasladarse sin problemas\u201d, destac\u00f3 el mandatario provincial a trav\u00e9s de sus redes sociales. Y concluy\u00f3 al respecto: \u201cSeguimos invirtiendo en infraestructura para atender las demandas de la comunidad, mejorando la conectividad y la calidad de vida de todos y todas\u201d.<br \/>\nEsta obra se enmarca dentro del financiamiento contemplado para la ejecuci\u00f3n del Proyecto \u201cPavimentaci\u00f3n e Infraestructura Urbana\u201d en la Provincia de Chaco.<br \/>\n El objeto de esta obra en particular fue realizar pavimento urbano en varias cuadras (ocho en total que, teniendo en cuenta que dos de ellas son avenidas, representan la ejecuci\u00f3n de 10 calzadas) ubicadas hacia el norte de la localidad de Hermoso Campo, para lograr el cierre de la malla circulatoria del sector con pavimento. Para la calzada de hormig\u00f3n se contemplan espesores de 16cm y 15cm. La distribuci\u00f3n es la siguiente: Avenida Belgrano, entre avenida del Agricultor y Calle 25 de Mayo, dos cuadras; y 6 cuadras Calle Jorge Corradi: entre Avda. del Agricultor y Calle 25 de Mayo: dos cuadras; Calle 20 de Junio: entre Avda. Belgrano y Calle Jorge Corradi: una cuadra; Calle 25 de Mayo: entre Avda. Belgrano y Calle Bruno P\u00e1ez: dos cuadras; y Calle Bruno P\u00e1ez: entre Calle 25 de Mayo y Calle 20 de Junio: una cuadra.<br \/>\nA su vez, Capitanich y Rach Quiroga, Junto al intendente Di\u00f3genes Requena, el ministro de Gobierno Juan Manuel Chapo, familiares y veteranos  de guerra habilitaron el Sal\u00f3n de Usos M\u00faltiples de Veteranos de Guerra &#8220;Soldado Mateo Lachowski&#8221;. \u201cEs una gran alegr\u00eda estar en Hermoso Campo compartiendo la inauguraci\u00f3n de este espacio para la memoria y para la reivindicaci\u00f3n de nuestros h\u00e9roes\u201d, ponder\u00f3 el titular del Ejecutivo provincial<br \/>\n\u201cMalvinas es patrimonio argentino, nuestros h\u00e9roes las defendieron y confiamos que el ejercicio efectivo de nuestra reivindicaci\u00f3n leg\u00edtima por la v\u00eda diplom\u00e1tica lograr\u00e1 la plena integridad territorial. D\u00eda a d\u00eda reafirmamos la soberan\u00eda nacional sobre las islas y reconocemos con orgullo a los veteranos de guerra\u201d, finaliz\u00f3.<\/p>\n","protected":false},"excerpt":{"rendered":"<p>El gobierno provincial habilit\u00f3 esta tarde obras de infraestructura urbana en Hermoso Campo. Se trata de nuevas cuadras de pavimento urbano, y el Sal\u00f3n de Usos M\u00faltiples de Veteranos de Guerra &#8220;Soldado Mateo Lachowski&#8221; de la localidad, un espacio para la memoria y para la reivindicaci\u00f3n de nuestros h\u00e9roes. De ambas actividades particip\u00f3 el gobernador [&hellip;]<\/p>\n","protected":false},"author":1,"featured_media":15855,"comment_status":"closed","ping_status":"closed","sticky":false,"template":"","format":"standard","meta":{"footnotes":""},"categories":[6],"tags":[],"class_list":{"0":"post-15854","1":"post","2":"type-post","3":"status-publish","4":"format-standard","5":"has-post-thumbnail","7":"category-chaco"},"_links":{"self":[{"href":"https:\/\/chacosintesis.com.ar\/index.php\/wp-json\/wp\/v2\/posts\/15854","targetHints":{"allow":["GET"]}}],"collection":[{"href":"https:\/\/chacosintesis.com.ar\/index.php\/wp-json\/wp\/v2\/posts"}],"about":[{"href":"https:\/\/chacosintesis.com.ar\/index.php\/wp-json\/wp\/v2\/types\/post"}],"author":[{"embeddable":true,"href":"https:\/\/chacosintesis.com.ar\/index.php\/wp-json\/wp\/v2\/users\/1"}],"replies":[{"embeddable":true,"href":"https:\/\/chacosintesis.com.ar\/index.php\/wp-json\/wp\/v2\/comments?post=15854"}],"version-history":[{"count":0,"href":"https:\/\/chacosintesis.com.ar\/index.php\/wp-json\/wp\/v2\/posts\/15854\/revisions"}],"wp:featuredmedia":[{"embeddable":true,"href":"https:\/\/chacosintesis.com.ar\/index.php\/wp-json\/wp\/v2\/media\/15855"}],"wp:attachment":[{"href":"https:\/\/chacosintesis.com.ar\/index.php\/wp-json\/wp\/v2\/media?parent=15854"}],"wp:term":[{"taxonomy":"category","embeddable":true,"href":"https:\/\/chacosintesis.com.ar\/index.php\/wp-json\/wp\/v2\/categories?post=15854"},{"taxonomy":"post_tag","embeddable":true,"href":"https:\/\/chacosintesis.com.ar\/index.php\/wp-json\/wp\/v2\/tags?post=15854"}],"curies":[{"name":"wp","href":"https:\/\/api.w.org\/{rel}","templated":true}]}}