{"id":15850,"date":"2022-06-13T09:35:25","date_gmt":"2022-06-13T12:35:25","guid":{"rendered":"https:\/\/chacosintesis.com.ar\/?p=15850"},"modified":"2022-06-13T09:37:28","modified_gmt":"2022-06-13T12:37:28","slug":"candelaria-gervasoni-la-chaquena-de-santa-sylvina-que-brillo-en-la-voz-argentina","status":"publish","type":"post","link":"https:\/\/chacosintesis.com.ar\/index.php\/candelaria-gervasoni-la-chaquena-de-santa-sylvina-que-brillo-en-la-voz-argentina\/","title":{"rendered":"Candelaria Gervasoni, la chaque\u00f1a de Santa Sylvina que brill\u00f3 en &#8220;La Voz Argentina&#8221;"},"content":{"rendered":"<p>Candelaria Gervasoni es de Santa Sylvina, y particip\u00f3 de las audiciones a ciegas de \u201cLa Voz Argentina\u201d el programa de Telef\u00e9 que busca un nuevo talento en el pa\u00eds. Lamentablemente la chaque\u00f1a, no logr\u00f3 que ninguna silla se diera vuelta, pero recibi\u00f3 grandes elogios del jurado.<br \/>\n <iframe loading=\"lazy\" title=\"Candelaria Gervasoni - &quot;Bajo el cielo de Mantilla&quot; - Audiciones a Ciegas - La Voz Argentina 2022\" width=\"1170\" height=\"658\" src=\"https:\/\/www.youtube.com\/embed\/6QUFtBcS7t8?feature=oembed\" frameborder=\"0\" allow=\"accelerometer; autoplay; clipboard-write; encrypted-media; gyroscope; picture-in-picture; web-share\" allowfullscreen><\/iframe><br \/>\n La joven en su presentaci\u00f3n cont\u00f3 que tiene 23 a\u00f1os y que de peque\u00f1a sufri\u00f3 Leucemia \u201cfueron momentos muy dif\u00edciles pero con un final feliz\u201d expres\u00f3 la artista.<br \/>\nCandelaria dedic\u00f3 su audici\u00f3n a su abuelo fallecido y eligi\u00f3 interpretar \u201cCielo de Mantilla\u201d, un chamam\u00e9 escrito por Teresa Parodi. Si bien ninguno de los jurados se dio vuelta, recibi\u00f3 grandes elogios y felicitaciones  \u201cquiero agradecerte porque una canci\u00f3n como esta no puede faltar nunca en un programa como este y siendo del Chaco est\u00e1 espectacular que la hayas elegido\u201d manifest\u00f3 Soledad Pastorutti.<\/p>\n","protected":false},"excerpt":{"rendered":"<p>Candelaria Gervasoni es de Santa Sylvina, y particip\u00f3 de las audiciones a ciegas de \u201cLa Voz Argentina\u201d el programa de Telef\u00e9 que busca un nuevo talento en el pa\u00eds. Lamentablemente la chaque\u00f1a, no logr\u00f3 que ninguna silla se diera vuelta, pero recibi\u00f3 grandes elogios del jurado. La joven en su presentaci\u00f3n cont\u00f3 que tiene 23 [&hellip;]<\/p>\n","protected":false},"author":1,"featured_media":15851,"comment_status":"closed","ping_status":"closed","sticky":false,"template":"","format":"standard","meta":{"footnotes":""},"categories":[6],"tags":[],"class_list":{"0":"post-15850","1":"post","2":"type-post","3":"status-publish","4":"format-standard","5":"has-post-thumbnail","7":"category-chaco"},"_links":{"self":[{"href":"https:\/\/chacosintesis.com.ar\/index.php\/wp-json\/wp\/v2\/posts\/15850","targetHints":{"allow":["GET"]}}],"collection":[{"href":"https:\/\/chacosintesis.com.ar\/index.php\/wp-json\/wp\/v2\/posts"}],"about":[{"href":"https:\/\/chacosintesis.com.ar\/index.php\/wp-json\/wp\/v2\/types\/post"}],"author":[{"embeddable":true,"href":"https:\/\/chacosintesis.com.ar\/index.php\/wp-json\/wp\/v2\/users\/1"}],"replies":[{"embeddable":true,"href":"https:\/\/chacosintesis.com.ar\/index.php\/wp-json\/wp\/v2\/comments?post=15850"}],"version-history":[{"count":0,"href":"https:\/\/chacosintesis.com.ar\/index.php\/wp-json\/wp\/v2\/posts\/15850\/revisions"}],"wp:featuredmedia":[{"embeddable":true,"href":"https:\/\/chacosintesis.com.ar\/index.php\/wp-json\/wp\/v2\/media\/15851"}],"wp:attachment":[{"href":"https:\/\/chacosintesis.com.ar\/index.php\/wp-json\/wp\/v2\/media?parent=15850"}],"wp:term":[{"taxonomy":"category","embeddable":true,"href":"https:\/\/chacosintesis.com.ar\/index.php\/wp-json\/wp\/v2\/categories?post=15850"},{"taxonomy":"post_tag","embeddable":true,"href":"https:\/\/chacosintesis.com.ar\/index.php\/wp-json\/wp\/v2\/tags?post=15850"}],"curies":[{"name":"wp","href":"https:\/\/api.w.org\/{rel}","templated":true}]}}