{"id":15848,"date":"2022-06-13T08:12:43","date_gmt":"2022-06-13T11:12:43","guid":{"rendered":"https:\/\/chacosintesis.com.ar\/?p=15848"},"modified":"2022-06-13T08:37:30","modified_gmt":"2022-06-13T11:37:30","slug":"quienes-cobran-este-lunes","status":"publish","type":"post","link":"https:\/\/chacosintesis.com.ar\/index.php\/quienes-cobran-este-lunes\/","title":{"rendered":"\u00bfQui\u00e9nes cobran este lunes?"},"content":{"rendered":"<p>El Ministerio de Planificaci\u00f3n, Econom\u00eda e Infraestructura inform\u00f3 la semana pasada el cronograma de pago previsto para diferentes programas provinciales, que comenz\u00f3 el pasado jueves con el pago al programa Expertos, del Ministerio de Salud P\u00fablica.<br \/>\n El cronograma continu\u00f3 el viernes con el pago a las y los beneficiarios del Ministerio de Desarrollo Social: M\u00e1s Inclusi\u00f3n (vulnerables). En tanto, Renta M\u00ednima Progresiva percibir\u00e1n sus haberes en dos d\u00edas, como es habitual por terminaci\u00f3n de DNI.<br \/>\nEn tanto, este lunes 13 de junio, ser\u00e1 el turno de los documentos terminados en 0, 1, 2, 3 y 4, mientras que el martes 14 de junio lo har\u00e1n los DNI que finalizan en 5, 6, 7, 8 y 9.<br \/>\nLas y los beneficiarios del programa \u201cServicio y mantenimiento de establecimientos educativos\u201d, del Ministerio de Educaci\u00f3n de la Provincia, lo har\u00e1n el viernes, seg\u00fan inform\u00f3 el Ministerio de Planificaci\u00f3n, Econom\u00eda e Infraestructura.<br \/>\nEl pasado lunes 30 de mayo, junto con las y los trabajadores activos, se abonaron las Guardias y cobraron las y los Residentes, en ambos casos dependientes de la cartera sanitaria provincial.<br \/>\nLos fondos estar\u00e1n depositados en las cuentas del Nuevo Banco del Chaco (NBCH), por lo que el Ministerio de Planificaci\u00f3n, Econom\u00eda e Infraestructura recuerda la necesidad de mantener la distancia social e higienizarse las manos antes y despu\u00e9s de operar en el cajero autom\u00e1tico, como parte de los protocolos sanitarios.<br \/>\nPRIMERA LINEA.-<\/p>\n","protected":false},"excerpt":{"rendered":"<p>El Ministerio de Planificaci\u00f3n, Econom\u00eda e Infraestructura inform\u00f3 la semana pasada el cronograma de pago previsto para diferentes programas provinciales, que comenz\u00f3 el pasado jueves con el pago al programa Expertos, del Ministerio de Salud P\u00fablica. El cronograma continu\u00f3 el viernes con el pago a las y los beneficiarios del Ministerio de Desarrollo Social: M\u00e1s [&hellip;]<\/p>\n","protected":false},"author":1,"featured_media":15849,"comment_status":"closed","ping_status":"closed","sticky":false,"template":"","format":"standard","meta":{"footnotes":""},"categories":[6],"tags":[],"class_list":{"0":"post-15848","1":"post","2":"type-post","3":"status-publish","4":"format-standard","5":"has-post-thumbnail","7":"category-chaco"},"_links":{"self":[{"href":"https:\/\/chacosintesis.com.ar\/index.php\/wp-json\/wp\/v2\/posts\/15848","targetHints":{"allow":["GET"]}}],"collection":[{"href":"https:\/\/chacosintesis.com.ar\/index.php\/wp-json\/wp\/v2\/posts"}],"about":[{"href":"https:\/\/chacosintesis.com.ar\/index.php\/wp-json\/wp\/v2\/types\/post"}],"author":[{"embeddable":true,"href":"https:\/\/chacosintesis.com.ar\/index.php\/wp-json\/wp\/v2\/users\/1"}],"replies":[{"embeddable":true,"href":"https:\/\/chacosintesis.com.ar\/index.php\/wp-json\/wp\/v2\/comments?post=15848"}],"version-history":[{"count":0,"href":"https:\/\/chacosintesis.com.ar\/index.php\/wp-json\/wp\/v2\/posts\/15848\/revisions"}],"wp:featuredmedia":[{"embeddable":true,"href":"https:\/\/chacosintesis.com.ar\/index.php\/wp-json\/wp\/v2\/media\/15849"}],"wp:attachment":[{"href":"https:\/\/chacosintesis.com.ar\/index.php\/wp-json\/wp\/v2\/media?parent=15848"}],"wp:term":[{"taxonomy":"category","embeddable":true,"href":"https:\/\/chacosintesis.com.ar\/index.php\/wp-json\/wp\/v2\/categories?post=15848"},{"taxonomy":"post_tag","embeddable":true,"href":"https:\/\/chacosintesis.com.ar\/index.php\/wp-json\/wp\/v2\/tags?post=15848"}],"curies":[{"name":"wp","href":"https:\/\/api.w.org\/{rel}","templated":true}]}}