{"id":15844,"date":"2022-06-12T20:52:56","date_gmt":"2022-06-12T23:52:56","guid":{"rendered":"https:\/\/chacosintesis.com.ar\/?p=15844"},"modified":"2022-06-12T21:08:08","modified_gmt":"2022-06-13T00:08:08","slug":"saenz-pena-acusan-a-un-adolescente-de-matar-a-un-aborigen-luego-buscaron-a-su-padre-y-lo-asesinaron","status":"publish","type":"post","link":"https:\/\/chacosintesis.com.ar\/index.php\/saenz-pena-acusan-a-un-adolescente-de-matar-a-un-aborigen-luego-buscaron-a-su-padre-y-lo-asesinaron\/","title":{"rendered":"S\u00e1enz Pe\u00f1a: acusan a un adolescente de matar a un aborigen, luego buscaron a su padre y lo asesinaron"},"content":{"rendered":"<p>Dos personas murieron este domingo en un confuso y sangriento episodio en el barrio Santa M\u00f3nica de la ciudad termal.<br \/>\n Dos hombres de 35 y 36 a\u00f1os fueron asesinados este domingo en el barrio Santa M\u00f3nica, en un posible ajuste de cuentas.<br \/>\nUn convulsionado domingo de sangre vivieron los vecinos del mencionado barrio, cuando por causas que se tratan de esclarecer, fueron asesinadas dos personas, que fueron identificados como Luis Pereyra (36) y Gustavo Rufino (35). Seg\u00fan confirmaron las fuentes, la persona fallecida identificada como Rufino es el padre de un menor de 16 a\u00f1os que habr\u00eda asesinado a Pereyra, y tuvo que escaparse del barrio para salvar su vida.<br \/>\n Lo sucedido<br \/>\nEn el caso de Pereyra, en tempranas horas de la ma\u00f1ana de este domingo fue llevado hasta la guardia del hospital 4 de Junio, con heridas de gravedad, pero al arribar a los pocos minutos se produjo el deceso del mismo.<br \/>\nLa victima habr\u00eda sido atacada en horas de la madrugada. En la denuncia por parte de la concubina del fallecido, acuso a dos personas las sindicadas como autores de la muerte de su esposo. Uno de ellos seria Rufino.<br \/>\nTodo hasta ah\u00ed parec\u00eda que se calmar\u00eda, pero cerca de las 14 horas, la comisaria jurisdiccional fue alertada de un conflicto de dimensiones, en cercan\u00edas a la casa del fallecido. Al llegar los efectivos, pudieron constatar que un grupo de unas trescientas personas estaban en la vereda del domicilio de Gustavo Rufino, quien adem\u00e1s estaba tendido en la calle, al parecer sin signos vitales, y con el domicilio completamente incendiado. Al arribar personal del hospital 4 de Junio, confirmaron el deceso del mismo, a quien lo encontraron tirado en la calle, y con golpes en distintas partes del cuerpo.<br \/>\nUna disputa y venganza<br \/>\nAl parecer, el conflicto que se habr\u00eda iniciado en horas de la madrugada, donde al menos unas tres personas, fueron las que habr\u00edan sido las responsables de la muerte de Luis Pereyra. Quien fue llevado hasta la guardia de emergencia del hospital, pero a los pocos minutos se produjo del deceso.<br \/>\nLa mujer del fallecido, que concurri\u00f3 hasta sede policial para realizar la correspondiente denuncia, quien sindicar\u00eda como posible responsable a Gustavo Rufino y otra persona m\u00e1s. Sin embargo, poco despu\u00e9s del mediod\u00eda nuevamente se comienza a gestar una enorme contienda, que tiene como punto de encuentro el domicilio de Rufino. A quien le incendiaron la vivienda por completo, y el propietario que fue apuntado por la concubina de Pereyra como ser el responsable de la muerte de su pareja, termino sin vida en medio de la calle, donde lo encontraron los efectivos policiales.<br \/>\nSe investiga en un clima de tensi\u00f3n<br \/>\nPersonal policial al mando del comisario Marcel Kostecki director de zona, se constituyeron hasta el lugar para apaciguar los \u00e1nimos de los enardecidos vecinos que todav\u00eda quer\u00edan que se lo detenga al menor de 16 a\u00f1os, presunto hijo de Rufino.<br \/>\nLa l\u00ednea de investigaci\u00f3n girar\u00eda en torno a que el primero de los hechos ocurri\u00f3 en horas de la ma\u00f1ana cuando uno de los hombres atac\u00f3 a otro y lo mat\u00f3. A consecuencia de ello, al parecer familiares o allegados del primer fallecido, tomaron represalia, buscando al padre del presunto autor de la muerte de Pereyra, y lo mataron a golpes, luego incendiaron la vivienda, seg\u00fan versiones de fuentes que comentaron lo sucedido.<br \/>\nLo cierto es que se desconoce por el momento cual fue el motivo de los ataques, no se sabe a\u00fan si fue producto de un robo o por alg\u00fan tipo de represalias, ya que la polic\u00eda a\u00fan est\u00e1 trabajando en el lugar tratando de determinar c\u00f3mo ocurrieron los hechos.<br \/>\nDIARIO NORTE.-<\/p>\n","protected":false},"excerpt":{"rendered":"<p>Dos personas murieron este domingo en un confuso y sangriento episodio en el barrio Santa M\u00f3nica de la ciudad termal. Dos hombres de 35 y 36 a\u00f1os fueron asesinados este domingo en el barrio Santa M\u00f3nica, en un posible ajuste de cuentas. Un convulsionado domingo de sangre vivieron los vecinos del mencionado barrio, cuando por [&hellip;]<\/p>\n","protected":false},"author":1,"featured_media":15845,"comment_status":"closed","ping_status":"closed","sticky":false,"template":"","format":"standard","meta":{"footnotes":""},"categories":[6],"tags":[197],"class_list":{"0":"post-15844","1":"post","2":"type-post","3":"status-publish","4":"format-standard","5":"has-post-thumbnail","7":"category-chaco","8":"tag-destacada"},"_links":{"self":[{"href":"https:\/\/chacosintesis.com.ar\/index.php\/wp-json\/wp\/v2\/posts\/15844","targetHints":{"allow":["GET"]}}],"collection":[{"href":"https:\/\/chacosintesis.com.ar\/index.php\/wp-json\/wp\/v2\/posts"}],"about":[{"href":"https:\/\/chacosintesis.com.ar\/index.php\/wp-json\/wp\/v2\/types\/post"}],"author":[{"embeddable":true,"href":"https:\/\/chacosintesis.com.ar\/index.php\/wp-json\/wp\/v2\/users\/1"}],"replies":[{"embeddable":true,"href":"https:\/\/chacosintesis.com.ar\/index.php\/wp-json\/wp\/v2\/comments?post=15844"}],"version-history":[{"count":0,"href":"https:\/\/chacosintesis.com.ar\/index.php\/wp-json\/wp\/v2\/posts\/15844\/revisions"}],"wp:featuredmedia":[{"embeddable":true,"href":"https:\/\/chacosintesis.com.ar\/index.php\/wp-json\/wp\/v2\/media\/15845"}],"wp:attachment":[{"href":"https:\/\/chacosintesis.com.ar\/index.php\/wp-json\/wp\/v2\/media?parent=15844"}],"wp:term":[{"taxonomy":"category","embeddable":true,"href":"https:\/\/chacosintesis.com.ar\/index.php\/wp-json\/wp\/v2\/categories?post=15844"},{"taxonomy":"post_tag","embeddable":true,"href":"https:\/\/chacosintesis.com.ar\/index.php\/wp-json\/wp\/v2\/tags?post=15844"}],"curies":[{"name":"wp","href":"https:\/\/api.w.org\/{rel}","templated":true}]}}