{"id":15840,"date":"2022-06-12T11:12:58","date_gmt":"2022-06-12T14:12:58","guid":{"rendered":"https:\/\/chacosintesis.com.ar\/?p=15840"},"modified":"2022-06-12T11:39:27","modified_gmt":"2022-06-12T14:39:27","slug":"saenz-pena-amanecio-con-25-grados-bajos-cero","status":"publish","type":"post","link":"https:\/\/chacosintesis.com.ar\/index.php\/saenz-pena-amanecio-con-25-grados-bajos-cero\/","title":{"rendered":"S\u00e1enz Pe\u00f1a amaneci\u00f3 con 2,5 grados bajos cero"},"content":{"rendered":"<p>La ma\u00f1ana de este domingo 12 de junio amaneci\u00f3 con 2,5 grados bajo cero, y pas\u00f3 a ser una de las ciudades m\u00e1s fr\u00edas del pa\u00eds.<br \/>\n De esta manera Presidencia Roque S\u00e1enz Pe\u00f1a tiene la temperatura m\u00e1s baja en lo que va del a\u00f1o, como tambi\u00e9n la noche del s\u00e1bado fue la m\u00e1s fr\u00eda de este 2022.<br \/>\n La helada de esta ma\u00f1ana hizo bajar la marca en algunos puntos de la ciudad, sobre todo en accesos y barrios perif\u00e9ricos, hasta 2,5 bajo cero, es lo que se esperaba teniendo en cuenta que desde hace varios d\u00edas las m\u00e1ximas no superaban los 12 grados, y las m\u00ednimas estaban siempre en el rango del cero grado.<br \/>\nDIARIO NORTE.-<\/p>\n","protected":false},"excerpt":{"rendered":"<p>La ma\u00f1ana de este domingo 12 de junio amaneci\u00f3 con 2,5 grados bajo cero, y pas\u00f3 a ser una de las ciudades m\u00e1s fr\u00edas del pa\u00eds. De esta manera Presidencia Roque S\u00e1enz Pe\u00f1a tiene la temperatura m\u00e1s baja en lo que va del a\u00f1o, como tambi\u00e9n la noche del s\u00e1bado fue la m\u00e1s fr\u00eda de [&hellip;]<\/p>\n","protected":false},"author":1,"featured_media":15841,"comment_status":"closed","ping_status":"closed","sticky":false,"template":"","format":"standard","meta":{"footnotes":""},"categories":[6],"tags":[197],"class_list":{"0":"post-15840","1":"post","2":"type-post","3":"status-publish","4":"format-standard","5":"has-post-thumbnail","7":"category-chaco","8":"tag-destacada"},"_links":{"self":[{"href":"https:\/\/chacosintesis.com.ar\/index.php\/wp-json\/wp\/v2\/posts\/15840","targetHints":{"allow":["GET"]}}],"collection":[{"href":"https:\/\/chacosintesis.com.ar\/index.php\/wp-json\/wp\/v2\/posts"}],"about":[{"href":"https:\/\/chacosintesis.com.ar\/index.php\/wp-json\/wp\/v2\/types\/post"}],"author":[{"embeddable":true,"href":"https:\/\/chacosintesis.com.ar\/index.php\/wp-json\/wp\/v2\/users\/1"}],"replies":[{"embeddable":true,"href":"https:\/\/chacosintesis.com.ar\/index.php\/wp-json\/wp\/v2\/comments?post=15840"}],"version-history":[{"count":0,"href":"https:\/\/chacosintesis.com.ar\/index.php\/wp-json\/wp\/v2\/posts\/15840\/revisions"}],"wp:featuredmedia":[{"embeddable":true,"href":"https:\/\/chacosintesis.com.ar\/index.php\/wp-json\/wp\/v2\/media\/15841"}],"wp:attachment":[{"href":"https:\/\/chacosintesis.com.ar\/index.php\/wp-json\/wp\/v2\/media?parent=15840"}],"wp:term":[{"taxonomy":"category","embeddable":true,"href":"https:\/\/chacosintesis.com.ar\/index.php\/wp-json\/wp\/v2\/categories?post=15840"},{"taxonomy":"post_tag","embeddable":true,"href":"https:\/\/chacosintesis.com.ar\/index.php\/wp-json\/wp\/v2\/tags?post=15840"}],"curies":[{"name":"wp","href":"https:\/\/api.w.org\/{rel}","templated":true}]}}