{"id":15836,"date":"2022-06-11T18:47:27","date_gmt":"2022-06-11T21:47:27","guid":{"rendered":"https:\/\/chacosintesis.com.ar\/?p=15836"},"modified":"2022-06-11T19:06:47","modified_gmt":"2022-06-11T22:06:47","slug":"chaco-solidario-capitanich-entrego-asistencia-a-familias-e-instituciones-sociales","status":"publish","type":"post","link":"https:\/\/chacosintesis.com.ar\/index.php\/chaco-solidario-capitanich-entrego-asistencia-a-familias-e-instituciones-sociales\/","title":{"rendered":"Chaco Solidario: Capitanich entreg\u00f3 asistencia a familias e instituciones sociales"},"content":{"rendered":"<p>Las entregas realizadas van desde bienes para el hogar hasta apoyo a merenderos y bienes que permiten la producci\u00f3n y el trabajo de familias y personas con oficios.  La Fundaci\u00f3n Chaco Solidario que fue pensada como el primer brazo del Estado contin\u00faa atendiendo  las necesidades m\u00e1s urgentes y contribuyendo a promover la inclusi\u00f3n social  y el trabajo solidario.<\/p>\n<p>El gobernador Jorge Capitanich junto a la Fundaci\u00f3n Chaco Solidario concret\u00f3 este s\u00e1bado la entrega de asistencia  a 12 familias, personas e instituciones a trav\u00e9s de distintos requerimientos necesarios para promover el bien com\u00fan, la solidaridad y el trabajo.<br \/>\n\u201cEstas importantes entregas van desde bienes para el hogar hasta apoyo a merenderos y bienes que permiten la producci\u00f3n y el trabajo de familias y personas con oficios\u201d, dijo el gobernador durante la entrega de los elementos realizada en la Casa de Gobierno.<br \/>\nEn este punto remarc\u00f3 que \u201c se sigue trabajando para mejorar las condiciones de vida de las chaque\u00f1as y chaque\u00f1os en situaci\u00f3n de vulnerabilidad logrando mayor participaci\u00f3n social e inclusi\u00f3n\u201d.<br \/>\n\u201cLa Fundaci\u00f3n Chaco Solidario fue pensada como el primer brazo del Estado que nos permite atender las necesidades m\u00e1s urgentes y mejorar la calidad de vida de las personas\u201d, asegur\u00f3 el primer mandatario.<br \/>\nPor la Fundaci\u00f3n Chaco Solidario estuvieron presentes el director ejecutivo, Hern\u00e1n Knezovich, la directora de la Fundaci\u00f3n, Carla Prette y la directora de Finanzas, Mariela Guerra.<br \/>\n Solidaridad y Asistencia permanente<br \/>\nLa Fundaci\u00f3n Chaco Solidario en lo que va de la gesti\u00f3n se concretaron miles de entregas de elementos y herramientas , las que fueron destinadas a organizaciones como a personas f\u00edsicas.<br \/>\nKnezovich explic\u00f3 que el tr\u00e1mite para adquirir alguna herramienta o solicitar asistencia es muy simple, la persona debe presentar una fotocopia del Documento Nacional de Identidad y un certificado de domicilio o una boleta de servicio con el fin de justificar el domicilio. Esto se puede realizar por medios virtuales, de manera que sea menos engorroso para los habitantes del interior de la provincia.<\/p>\n","protected":false},"excerpt":{"rendered":"<p>Las entregas realizadas van desde bienes para el hogar hasta apoyo a merenderos y bienes que permiten la producci\u00f3n y el trabajo de familias y personas con oficios. La Fundaci\u00f3n Chaco Solidario que fue pensada como el primer brazo del Estado contin\u00faa atendiendo las necesidades m\u00e1s urgentes y contribuyendo a promover la inclusi\u00f3n social y [&hellip;]<\/p>\n","protected":false},"author":1,"featured_media":15837,"comment_status":"closed","ping_status":"closed","sticky":false,"template":"","format":"standard","meta":{"footnotes":""},"categories":[6],"tags":[],"class_list":{"0":"post-15836","1":"post","2":"type-post","3":"status-publish","4":"format-standard","5":"has-post-thumbnail","7":"category-chaco"},"_links":{"self":[{"href":"https:\/\/chacosintesis.com.ar\/index.php\/wp-json\/wp\/v2\/posts\/15836","targetHints":{"allow":["GET"]}}],"collection":[{"href":"https:\/\/chacosintesis.com.ar\/index.php\/wp-json\/wp\/v2\/posts"}],"about":[{"href":"https:\/\/chacosintesis.com.ar\/index.php\/wp-json\/wp\/v2\/types\/post"}],"author":[{"embeddable":true,"href":"https:\/\/chacosintesis.com.ar\/index.php\/wp-json\/wp\/v2\/users\/1"}],"replies":[{"embeddable":true,"href":"https:\/\/chacosintesis.com.ar\/index.php\/wp-json\/wp\/v2\/comments?post=15836"}],"version-history":[{"count":0,"href":"https:\/\/chacosintesis.com.ar\/index.php\/wp-json\/wp\/v2\/posts\/15836\/revisions"}],"wp:featuredmedia":[{"embeddable":true,"href":"https:\/\/chacosintesis.com.ar\/index.php\/wp-json\/wp\/v2\/media\/15837"}],"wp:attachment":[{"href":"https:\/\/chacosintesis.com.ar\/index.php\/wp-json\/wp\/v2\/media?parent=15836"}],"wp:term":[{"taxonomy":"category","embeddable":true,"href":"https:\/\/chacosintesis.com.ar\/index.php\/wp-json\/wp\/v2\/categories?post=15836"},{"taxonomy":"post_tag","embeddable":true,"href":"https:\/\/chacosintesis.com.ar\/index.php\/wp-json\/wp\/v2\/tags?post=15836"}],"curies":[{"name":"wp","href":"https:\/\/api.w.org\/{rel}","templated":true}]}}