{"id":15828,"date":"2022-06-11T00:44:50","date_gmt":"2022-06-11T03:44:50","guid":{"rendered":"https:\/\/chacosintesis.com.ar\/?p=15828"},"modified":"2022-06-11T01:08:52","modified_gmt":"2022-06-11T04:08:52","slug":"reguera-fue-electo-como-consejero-titular-por-los-abogados-del-interior-en-el-consejo-de-la-magistratura","status":"publish","type":"post","link":"https:\/\/chacosintesis.com.ar\/index.php\/reguera-fue-electo-como-consejero-titular-por-los-abogados-del-interior-en-el-consejo-de-la-magistratura\/","title":{"rendered":"Reguera fue electo como consejero titular por los abogados del interior en el Consejo de la Magistratura"},"content":{"rendered":"<p>El candidato del radicalismo se impuso con 355 sufragios a favor frente a los 286 de Roberto Pugacz, el competidor que contaba con el apoyo del peronismo termal.<br \/>\n Los abogados de la segunda circunscripci\u00f3n judicial (S\u00e1enz Pe\u00f1a) votaron este viernes para elegir al representante para el Consejo de la Magistratura y result\u00f3 ganador Edgardo Reguera.<\/p>\n<p>El candidato del radicalismo se impuso con 355 votos a favor frente a los 286 de Roberto Pugacz, el competidor que contaba con el apoyo del peronismo termal.<\/p>\n<p>Los comicios que tuvieron lugar en el edificio nuevo de Tribunales de calle 11 entre 8 y 10. Mientras que en el resto de las localidades se vot\u00f3 en cada Juzgado de Paz.<br \/>\nSeg\u00fan el conteo de los fiscales del ganador, en S\u00e1enz Pe\u00f1a la ventaja favorable fue de 280 sufragios a 221, mientras que hubo dos en blanco, tres impugnados y uno nulo. En Quitilipi 36 a 30, en Machagai, 31 a 21 y uno en blanco. Solo en Pampa del Infierno el resultado fue en contra: 8 a 14.<br \/>\nEdgardo Reguera, que fue tres veces presidente del Colegio de Abogados de S\u00e1enz Pe\u00f1a, dijo que &#8220;tenemos una representaci\u00f3n real y concreta, no es una representaci\u00f3n que pase desapercibida sino una que marque el rumbo y cambie un poco el funcionamiento del Consejo de la Magistratura, darle una nueva impronta donde cada consejero se comprometa un poco m\u00e1s&#8221;.<br \/>\nEN VILLA \u00c1NGELA<br \/>\nEn simult\u00e1neo, en la localidad cabecera de la tercera circunscripci\u00f3n judicial, Villa \u00c1ngela, se eligi\u00f3 al consejero suplente. Ra\u00fal Rundi\u00f3 gan\u00f3 con 132 votos y super\u00f3 a los 78 de Rub\u00e9n S\u00e1nchez.<br \/>\nCabe recordar que la representaci\u00f3n de los abogados del interior en el organismo va rotando por per\u00edodos.<br \/>\n DIARIO CHACO.-<\/p>\n","protected":false},"excerpt":{"rendered":"<p>El candidato del radicalismo se impuso con 355 sufragios a favor frente a los 286 de Roberto Pugacz, el competidor que contaba con el apoyo del peronismo termal. Los abogados de la segunda circunscripci\u00f3n judicial (S\u00e1enz Pe\u00f1a) votaron este viernes para elegir al representante para el Consejo de la Magistratura y result\u00f3 ganador Edgardo Reguera. [&hellip;]<\/p>\n","protected":false},"author":1,"featured_media":15829,"comment_status":"closed","ping_status":"closed","sticky":false,"template":"","format":"standard","meta":{"footnotes":""},"categories":[6],"tags":[],"class_list":{"0":"post-15828","1":"post","2":"type-post","3":"status-publish","4":"format-standard","5":"has-post-thumbnail","7":"category-chaco"},"_links":{"self":[{"href":"https:\/\/chacosintesis.com.ar\/index.php\/wp-json\/wp\/v2\/posts\/15828","targetHints":{"allow":["GET"]}}],"collection":[{"href":"https:\/\/chacosintesis.com.ar\/index.php\/wp-json\/wp\/v2\/posts"}],"about":[{"href":"https:\/\/chacosintesis.com.ar\/index.php\/wp-json\/wp\/v2\/types\/post"}],"author":[{"embeddable":true,"href":"https:\/\/chacosintesis.com.ar\/index.php\/wp-json\/wp\/v2\/users\/1"}],"replies":[{"embeddable":true,"href":"https:\/\/chacosintesis.com.ar\/index.php\/wp-json\/wp\/v2\/comments?post=15828"}],"version-history":[{"count":0,"href":"https:\/\/chacosintesis.com.ar\/index.php\/wp-json\/wp\/v2\/posts\/15828\/revisions"}],"wp:featuredmedia":[{"embeddable":true,"href":"https:\/\/chacosintesis.com.ar\/index.php\/wp-json\/wp\/v2\/media\/15829"}],"wp:attachment":[{"href":"https:\/\/chacosintesis.com.ar\/index.php\/wp-json\/wp\/v2\/media?parent=15828"}],"wp:term":[{"taxonomy":"category","embeddable":true,"href":"https:\/\/chacosintesis.com.ar\/index.php\/wp-json\/wp\/v2\/categories?post=15828"},{"taxonomy":"post_tag","embeddable":true,"href":"https:\/\/chacosintesis.com.ar\/index.php\/wp-json\/wp\/v2\/tags?post=15828"}],"curies":[{"name":"wp","href":"https:\/\/api.w.org\/{rel}","templated":true}]}}