{"id":15826,"date":"2022-06-10T10:49:15","date_gmt":"2022-06-10T13:49:15","guid":{"rendered":"https:\/\/chacosintesis.com.ar\/?p=15826"},"modified":"2022-06-10T11:06:40","modified_gmt":"2022-06-10T14:06:40","slug":"campo-largo-joven-se-quita-la-vida-en-el-barrio-100-viviendas","status":"publish","type":"post","link":"https:\/\/chacosintesis.com.ar\/index.php\/campo-largo-joven-se-quita-la-vida-en-el-barrio-100-viviendas\/","title":{"rendered":"CAMPO LARGO: JOVEN SE QUITA LA VIDA EN EL BARRIO 100 VIVIENDAS"},"content":{"rendered":"<p>Jueves por la noche a las 22:50 hs aproximadamente, solicitan presencia Policial en B 100 Viviendas. Constituida prevenci\u00f3n en dicho lugar, se entrevistan con J. M., padre qui\u00e9n en vida fuere J. C. M., de 19 a\u00f1os de edad, manifestando momentos antes, por razones que se tratan de establecer, toma conocimiento por familiares que su hijo se hab\u00eda quitado la vida.<br \/>\nSe hizo presente ambulancia del hospital local. Consultado Fiscal\u00eda N 1 (Turno) S\u00e1enz Pe\u00f1a, DISPUSO: Se resguarde lugar hecho y se aguarde arribo del  personal Gabinete Cient\u00edfico Poder Judicial S\u00e1enz Pe\u00f1a. Se hizo presente personal Div. Sanidad Policial Interior Charata, quienes examinaron cuerpo occiso. Conforme dispuso el fiscal interviniente  el cuerpo  fue entregado a familiares para fines p\u00f3stumos correspondientes.<\/p>\n","protected":false},"excerpt":{"rendered":"<p>Jueves por la noche a las 22:50 hs aproximadamente, solicitan presencia Policial en B 100 Viviendas. Constituida prevenci\u00f3n en dicho lugar, se entrevistan con J. M., padre qui\u00e9n en vida fuere J. C. M., de 19 a\u00f1os de edad, manifestando momentos antes, por razones que se tratan de establecer, toma conocimiento por familiares que su [&hellip;]<\/p>\n","protected":false},"author":1,"featured_media":15827,"comment_status":"closed","ping_status":"closed","sticky":false,"template":"","format":"standard","meta":{"footnotes":""},"categories":[6],"tags":[],"class_list":{"0":"post-15826","1":"post","2":"type-post","3":"status-publish","4":"format-standard","5":"has-post-thumbnail","7":"category-chaco"},"_links":{"self":[{"href":"https:\/\/chacosintesis.com.ar\/index.php\/wp-json\/wp\/v2\/posts\/15826","targetHints":{"allow":["GET"]}}],"collection":[{"href":"https:\/\/chacosintesis.com.ar\/index.php\/wp-json\/wp\/v2\/posts"}],"about":[{"href":"https:\/\/chacosintesis.com.ar\/index.php\/wp-json\/wp\/v2\/types\/post"}],"author":[{"embeddable":true,"href":"https:\/\/chacosintesis.com.ar\/index.php\/wp-json\/wp\/v2\/users\/1"}],"replies":[{"embeddable":true,"href":"https:\/\/chacosintesis.com.ar\/index.php\/wp-json\/wp\/v2\/comments?post=15826"}],"version-history":[{"count":0,"href":"https:\/\/chacosintesis.com.ar\/index.php\/wp-json\/wp\/v2\/posts\/15826\/revisions"}],"wp:featuredmedia":[{"embeddable":true,"href":"https:\/\/chacosintesis.com.ar\/index.php\/wp-json\/wp\/v2\/media\/15827"}],"wp:attachment":[{"href":"https:\/\/chacosintesis.com.ar\/index.php\/wp-json\/wp\/v2\/media?parent=15826"}],"wp:term":[{"taxonomy":"category","embeddable":true,"href":"https:\/\/chacosintesis.com.ar\/index.php\/wp-json\/wp\/v2\/categories?post=15826"},{"taxonomy":"post_tag","embeddable":true,"href":"https:\/\/chacosintesis.com.ar\/index.php\/wp-json\/wp\/v2\/tags?post=15826"}],"curies":[{"name":"wp","href":"https:\/\/api.w.org\/{rel}","templated":true}]}}