{"id":15807,"date":"2022-06-08T11:41:40","date_gmt":"2022-06-08T14:41:40","guid":{"rendered":"https:\/\/chacosintesis.com.ar\/?p=15807"},"modified":"2022-06-08T12:08:04","modified_gmt":"2022-06-08T15:08:04","slug":"produccion-realiza-este-jueves-una-capacitacion-ganadera-tecnica-en-tres-isletas","status":"publish","type":"post","link":"https:\/\/chacosintesis.com.ar\/index.php\/produccion-realiza-este-jueves-una-capacitacion-ganadera-tecnica-en-tres-isletas\/","title":{"rendered":"Producci\u00f3n realiza este jueves una capacitaci\u00f3n ganadera t\u00e9cnica en Tres Isletas"},"content":{"rendered":"<p>El Ministerio de Producci\u00f3n, Industria y Empleo realizar\u00e1 este jueves en Tres Isletas una nueva capacitaci\u00f3n t\u00e9cnica abierta enmarcada en el Plan Ganadero Provincial 20\/30. La propuesta, denominada \u201cRecr\u00eda en sistemas simples y eficientes\u201d, coordinada por la Subsecretar\u00eda de Ganader\u00eda, est\u00e1 dirigida a productores y t\u00e9cnicos especializados.<br \/>\nLa jornada debi\u00f3 cambiar de locaci\u00f3n debido a las condiciones clim\u00e1ticas imperantes en los \u00faltimos d\u00edas en casi toda la provincia por lo que se realizar\u00e1 en la Sociedad Rural de Tres Isletas. La capacitaci\u00f3n -que se desarrollar\u00e1 de 8.30 a 13- estar\u00e1 a cargo de t\u00e9cnicos del Plan Ganadero y del Inta (Instituto Nacional de Tecnolog\u00eda Agropecuaria), quienes expondr\u00e1n sobre pasturas, nutrici\u00f3n, cr\u00eda y recr\u00eda.<br \/>\nLa primera de las exposiciones de la jornada estar\u00e1 a cargo del t\u00e9cnico Daniel G\u00f3mez (de la empresa de semillas Peman), quien har\u00e1 referencia al tema pasturas con su ponencia titulada \u201cGrama Rhodes cv Santana, una alternativa productiva para la ganader\u00eda del norte\u201d.<br \/>\nLuego, se abordar\u00e1 la tem\u00e1tica nutrici\u00f3n de la mano del t\u00e9cnico del Plan Ganadero Javier Kviatkovski, quien expondr\u00e1 sobre \u201cHerramientas biotecnol\u00f3gicas nutricionales\u201d; en tanto que el t\u00e9cnico del Inta Jos\u00e9 Emilio Rosello Brajovich har\u00e1 lo propio acerca de \u201cSuplementaci\u00f3n invernal en recr\u00eda\u201d.<br \/>\nPosteriormente se har\u00e1 la presentaci\u00f3n del establecimiento Las Vaquillas con la exposici\u00f3n de Arnaldo Kisiel, quien se referir\u00e1 a los pasos que fueron dando hasta llegar a lo que es hoy el emprendimiento en materia productiva y de servicios.<br \/>\nPor \u00faltimo, el t\u00e9cnico del Plan Ganadero Diego Fern\u00e1ndez abordar\u00e1 el tema \u201cCr\u00eda versus Recr\u00eda, m\u00e1rgenes econ\u00f3micos, ventajas y desventajas de cada sistema\u201d. La jornada cuenta con el auspicio de las firmas Peman Semillas y Golden Brand Nutrici\u00f3n Animal y tendr\u00e1 lugar en la Sociedad Rural de Tres Isletas.<\/p>\n","protected":false},"excerpt":{"rendered":"<p>El Ministerio de Producci\u00f3n, Industria y Empleo realizar\u00e1 este jueves en Tres Isletas una nueva capacitaci\u00f3n t\u00e9cnica abierta enmarcada en el Plan Ganadero Provincial 20\/30. La propuesta, denominada \u201cRecr\u00eda en sistemas simples y eficientes\u201d, coordinada por la Subsecretar\u00eda de Ganader\u00eda, est\u00e1 dirigida a productores y t\u00e9cnicos especializados. La jornada debi\u00f3 cambiar de locaci\u00f3n debido a [&hellip;]<\/p>\n","protected":false},"author":1,"featured_media":15808,"comment_status":"closed","ping_status":"closed","sticky":false,"template":"","format":"standard","meta":{"footnotes":""},"categories":[6],"tags":[],"class_list":{"0":"post-15807","1":"post","2":"type-post","3":"status-publish","4":"format-standard","5":"has-post-thumbnail","7":"category-chaco"},"_links":{"self":[{"href":"https:\/\/chacosintesis.com.ar\/index.php\/wp-json\/wp\/v2\/posts\/15807","targetHints":{"allow":["GET"]}}],"collection":[{"href":"https:\/\/chacosintesis.com.ar\/index.php\/wp-json\/wp\/v2\/posts"}],"about":[{"href":"https:\/\/chacosintesis.com.ar\/index.php\/wp-json\/wp\/v2\/types\/post"}],"author":[{"embeddable":true,"href":"https:\/\/chacosintesis.com.ar\/index.php\/wp-json\/wp\/v2\/users\/1"}],"replies":[{"embeddable":true,"href":"https:\/\/chacosintesis.com.ar\/index.php\/wp-json\/wp\/v2\/comments?post=15807"}],"version-history":[{"count":0,"href":"https:\/\/chacosintesis.com.ar\/index.php\/wp-json\/wp\/v2\/posts\/15807\/revisions"}],"wp:featuredmedia":[{"embeddable":true,"href":"https:\/\/chacosintesis.com.ar\/index.php\/wp-json\/wp\/v2\/media\/15808"}],"wp:attachment":[{"href":"https:\/\/chacosintesis.com.ar\/index.php\/wp-json\/wp\/v2\/media?parent=15807"}],"wp:term":[{"taxonomy":"category","embeddable":true,"href":"https:\/\/chacosintesis.com.ar\/index.php\/wp-json\/wp\/v2\/categories?post=15807"},{"taxonomy":"post_tag","embeddable":true,"href":"https:\/\/chacosintesis.com.ar\/index.php\/wp-json\/wp\/v2\/tags?post=15807"}],"curies":[{"name":"wp","href":"https:\/\/api.w.org\/{rel}","templated":true}]}}