{"id":15797,"date":"2022-06-07T12:27:07","date_gmt":"2022-06-07T15:27:07","guid":{"rendered":"https:\/\/chacosintesis.com.ar\/?p=15797"},"modified":"2022-06-07T12:37:02","modified_gmt":"2022-06-07T15:37:02","slug":"pehe-el-periodismo-objetivo-y-responsable-contribuye-a-la-libertad-de-los-pueblos","status":"publish","type":"post","link":"https:\/\/chacosintesis.com.ar\/index.php\/pehe-el-periodismo-objetivo-y-responsable-contribuye-a-la-libertad-de-los-pueblos\/","title":{"rendered":"Pehe: &#8220;El Periodismo objetivo y responsable contribuye a la libertad de los pueblos&#8221;"},"content":{"rendered":"<p>Con motivo de recordarse este 7 de junio el d\u00eda del Periodista, el presidente del interbloque de diputados de la UCR, Carim Peche, hace llegar su saludo y reconocimiento a quienes desempe\u00f1an esa labor.<br \/>\n \u201cEl ejercicio del periodismo con objetividad, compromiso y responsabilidad representa uno de los pilares fundamentales para la libertad de los pueblos y la grandeza de las naciones. En este d\u00eda quiero expresar mi reconocimiento a quienes ejercen tan noble labor e instarlos a seguir haciendo los aportes necesarios por una provincia pr\u00f3spera, inclusiva e igualitaria que nos permita dise\u00f1ar, entre todos,  un Chaco que pueda dar respuestas a las demandas de una nueva sociedad. Feliz  d\u00eda del periodista\u201d.<\/p>\n","protected":false},"excerpt":{"rendered":"<p>Con motivo de recordarse este 7 de junio el d\u00eda del Periodista, el presidente del interbloque de diputados de la UCR, Carim Peche, hace llegar su saludo y reconocimiento a quienes desempe\u00f1an esa labor. \u201cEl ejercicio del periodismo con objetividad, compromiso y responsabilidad representa uno de los pilares fundamentales para la libertad de los pueblos [&hellip;]<\/p>\n","protected":false},"author":1,"featured_media":15798,"comment_status":"closed","ping_status":"closed","sticky":false,"template":"","format":"standard","meta":{"footnotes":""},"categories":[6],"tags":[],"class_list":{"0":"post-15797","1":"post","2":"type-post","3":"status-publish","4":"format-standard","5":"has-post-thumbnail","7":"category-chaco"},"_links":{"self":[{"href":"https:\/\/chacosintesis.com.ar\/index.php\/wp-json\/wp\/v2\/posts\/15797","targetHints":{"allow":["GET"]}}],"collection":[{"href":"https:\/\/chacosintesis.com.ar\/index.php\/wp-json\/wp\/v2\/posts"}],"about":[{"href":"https:\/\/chacosintesis.com.ar\/index.php\/wp-json\/wp\/v2\/types\/post"}],"author":[{"embeddable":true,"href":"https:\/\/chacosintesis.com.ar\/index.php\/wp-json\/wp\/v2\/users\/1"}],"replies":[{"embeddable":true,"href":"https:\/\/chacosintesis.com.ar\/index.php\/wp-json\/wp\/v2\/comments?post=15797"}],"version-history":[{"count":0,"href":"https:\/\/chacosintesis.com.ar\/index.php\/wp-json\/wp\/v2\/posts\/15797\/revisions"}],"wp:featuredmedia":[{"embeddable":true,"href":"https:\/\/chacosintesis.com.ar\/index.php\/wp-json\/wp\/v2\/media\/15798"}],"wp:attachment":[{"href":"https:\/\/chacosintesis.com.ar\/index.php\/wp-json\/wp\/v2\/media?parent=15797"}],"wp:term":[{"taxonomy":"category","embeddable":true,"href":"https:\/\/chacosintesis.com.ar\/index.php\/wp-json\/wp\/v2\/categories?post=15797"},{"taxonomy":"post_tag","embeddable":true,"href":"https:\/\/chacosintesis.com.ar\/index.php\/wp-json\/wp\/v2\/tags?post=15797"}],"curies":[{"name":"wp","href":"https:\/\/api.w.org\/{rel}","templated":true}]}}