{"id":15766,"date":"2022-06-05T17:54:29","date_gmt":"2022-06-05T20:54:29","guid":{"rendered":"https:\/\/chacosintesis.com.ar\/?p=15766"},"modified":"2022-06-05T18:07:58","modified_gmt":"2022-06-05T21:07:58","slug":"lunes-con-asueto-administrativo-para-estatales-que-profesen-la-fe-evangelica","status":"publish","type":"post","link":"https:\/\/chacosintesis.com.ar\/index.php\/lunes-con-asueto-administrativo-para-estatales-que-profesen-la-fe-evangelica\/","title":{"rendered":"Lunes con asueto administrativo para estatales que profesen la fe evang\u00e9lica"},"content":{"rendered":"<p>La medida abarca tambi\u00e9n a entes aut\u00e1rquicos y descentralizados, empresas del Estado provincial, docentes y alumnos.<br \/>\n El Gobierno provincial decret\u00f3 asueto administrativo para ma\u00f1ana, lunes 6 de junio, con motivo del d\u00eda de Pentecost\u00e9s, para todo el personal de la Administraci\u00f3n P\u00fablica que profese el culto evang\u00e9lico. La media abarca tambi\u00e9n a los entes aut\u00e1rquicos y descentralizados, empresas del Estado provincial, docentes y alumnos.<br \/>\nSe pretende as\u00ed facilitar la concurrencia de los fieles a los distintos actos de fe, en el d\u00eda en el D\u00eda de Pentecost\u00e9s, la m\u00e1xima festividad del pueblo evang\u00e9lico. Como lo especifica el decreto N\u00b0 1171 que lleva la firma del gobernador Jorge Capitanich y del ministro de Gobierno y Trabajo, Juan Manuel Chapo, la medida se funda en el respeto a la pr\u00e1ctica de los distintos cultos reconocidos oficialmente.<\/p>\n","protected":false},"excerpt":{"rendered":"<p>La medida abarca tambi\u00e9n a entes aut\u00e1rquicos y descentralizados, empresas del Estado provincial, docentes y alumnos. El Gobierno provincial decret\u00f3 asueto administrativo para ma\u00f1ana, lunes 6 de junio, con motivo del d\u00eda de Pentecost\u00e9s, para todo el personal de la Administraci\u00f3n P\u00fablica que profese el culto evang\u00e9lico. La media abarca tambi\u00e9n a los entes aut\u00e1rquicos [&hellip;]<\/p>\n","protected":false},"author":1,"featured_media":15767,"comment_status":"closed","ping_status":"closed","sticky":false,"template":"","format":"standard","meta":{"footnotes":""},"categories":[6],"tags":[],"class_list":{"0":"post-15766","1":"post","2":"type-post","3":"status-publish","4":"format-standard","5":"has-post-thumbnail","7":"category-chaco"},"_links":{"self":[{"href":"https:\/\/chacosintesis.com.ar\/index.php\/wp-json\/wp\/v2\/posts\/15766","targetHints":{"allow":["GET"]}}],"collection":[{"href":"https:\/\/chacosintesis.com.ar\/index.php\/wp-json\/wp\/v2\/posts"}],"about":[{"href":"https:\/\/chacosintesis.com.ar\/index.php\/wp-json\/wp\/v2\/types\/post"}],"author":[{"embeddable":true,"href":"https:\/\/chacosintesis.com.ar\/index.php\/wp-json\/wp\/v2\/users\/1"}],"replies":[{"embeddable":true,"href":"https:\/\/chacosintesis.com.ar\/index.php\/wp-json\/wp\/v2\/comments?post=15766"}],"version-history":[{"count":0,"href":"https:\/\/chacosintesis.com.ar\/index.php\/wp-json\/wp\/v2\/posts\/15766\/revisions"}],"wp:featuredmedia":[{"embeddable":true,"href":"https:\/\/chacosintesis.com.ar\/index.php\/wp-json\/wp\/v2\/media\/15767"}],"wp:attachment":[{"href":"https:\/\/chacosintesis.com.ar\/index.php\/wp-json\/wp\/v2\/media?parent=15766"}],"wp:term":[{"taxonomy":"category","embeddable":true,"href":"https:\/\/chacosintesis.com.ar\/index.php\/wp-json\/wp\/v2\/categories?post=15766"},{"taxonomy":"post_tag","embeddable":true,"href":"https:\/\/chacosintesis.com.ar\/index.php\/wp-json\/wp\/v2\/tags?post=15766"}],"curies":[{"name":"wp","href":"https:\/\/api.w.org\/{rel}","templated":true}]}}