{"id":15762,"date":"2022-06-05T16:49:26","date_gmt":"2022-06-05T19:49:26","guid":{"rendered":"https:\/\/chacosintesis.com.ar\/?p=15762"},"modified":"2022-06-05T17:07:31","modified_gmt":"2022-06-05T20:07:31","slug":"la-escondida-terminaron-en-un-campo-tras-perder-el-control-del-auto","status":"publish","type":"post","link":"https:\/\/chacosintesis.com.ar\/index.php\/la-escondida-terminaron-en-un-campo-tras-perder-el-control-del-auto\/","title":{"rendered":"La Escondida: Terminaron en un campo tras perder el control del auto"},"content":{"rendered":"<p>Se investigan las causas del siniestro vial. Los ocupantes sufrieron lesiones leves. Dos j\u00f3venes que iban en un Renault Clio, terminaron en el interior de un campo ubicado por Ruta 9 Kil\u00f3metro 8  de La Escondida,  este domingo cerca de las 7.<br \/>\n Los Agentes de la Comisar\u00eda local los auxiliaron.<br \/>\n Los ocupantes, ambos de 22 a\u00f1os, fueron trasladados hasta el Hospital Perrando de Resistencia, donde el conductor fue diagnosticado con \u201cTraumatismo craneoencef\u00e1lico (T.E.C.), facial y excoriaciones\u201d y su acompa\u00f1ante con \u201c T.E.C. leve\u201d permaneciendo en observaci\u00f3n.<br \/>\n En tanto en el lugar del siniestro, los peritos se abocaron a sus tareas para determinar las causas del hecho.<\/p>\n","protected":false},"excerpt":{"rendered":"<p>Se investigan las causas del siniestro vial. Los ocupantes sufrieron lesiones leves. Dos j\u00f3venes que iban en un Renault Clio, terminaron en el interior de un campo ubicado por Ruta 9 Kil\u00f3metro 8 de La Escondida, este domingo cerca de las 7. Los Agentes de la Comisar\u00eda local los auxiliaron. Los ocupantes, ambos de 22 [&hellip;]<\/p>\n","protected":false},"author":1,"featured_media":15763,"comment_status":"closed","ping_status":"closed","sticky":false,"template":"","format":"standard","meta":{"footnotes":""},"categories":[6],"tags":[197],"class_list":{"0":"post-15762","1":"post","2":"type-post","3":"status-publish","4":"format-standard","5":"has-post-thumbnail","7":"category-chaco","8":"tag-destacada"},"_links":{"self":[{"href":"https:\/\/chacosintesis.com.ar\/index.php\/wp-json\/wp\/v2\/posts\/15762","targetHints":{"allow":["GET"]}}],"collection":[{"href":"https:\/\/chacosintesis.com.ar\/index.php\/wp-json\/wp\/v2\/posts"}],"about":[{"href":"https:\/\/chacosintesis.com.ar\/index.php\/wp-json\/wp\/v2\/types\/post"}],"author":[{"embeddable":true,"href":"https:\/\/chacosintesis.com.ar\/index.php\/wp-json\/wp\/v2\/users\/1"}],"replies":[{"embeddable":true,"href":"https:\/\/chacosintesis.com.ar\/index.php\/wp-json\/wp\/v2\/comments?post=15762"}],"version-history":[{"count":0,"href":"https:\/\/chacosintesis.com.ar\/index.php\/wp-json\/wp\/v2\/posts\/15762\/revisions"}],"wp:featuredmedia":[{"embeddable":true,"href":"https:\/\/chacosintesis.com.ar\/index.php\/wp-json\/wp\/v2\/media\/15763"}],"wp:attachment":[{"href":"https:\/\/chacosintesis.com.ar\/index.php\/wp-json\/wp\/v2\/media?parent=15762"}],"wp:term":[{"taxonomy":"category","embeddable":true,"href":"https:\/\/chacosintesis.com.ar\/index.php\/wp-json\/wp\/v2\/categories?post=15762"},{"taxonomy":"post_tag","embeddable":true,"href":"https:\/\/chacosintesis.com.ar\/index.php\/wp-json\/wp\/v2\/tags?post=15762"}],"curies":[{"name":"wp","href":"https:\/\/api.w.org\/{rel}","templated":true}]}}