{"id":15734,"date":"2022-06-03T10:44:29","date_gmt":"2022-06-03T13:44:29","guid":{"rendered":"https:\/\/chacosintesis.com.ar\/?p=15734"},"modified":"2022-06-03T11:07:29","modified_gmt":"2022-06-03T14:07:29","slug":"capitanich-argentina-necesita-una-corte-con-caracter-federal-y-con-paridad-de-genero","status":"publish","type":"post","link":"https:\/\/chacosintesis.com.ar\/index.php\/capitanich-argentina-necesita-una-corte-con-caracter-federal-y-con-paridad-de-genero\/","title":{"rendered":"Capitanich: \u201cArgentina necesita una Corte con car\u00e1cter federal y con paridad de g\u00e9nero\u201d"},"content":{"rendered":"<p>El gobernador de Chaco, Jorge Capitanich, asegur\u00f3 hoy que la Argentina &#8220;necesita una Corte Suprema de Justicia federal para construir un pa\u00eds de car\u00e1cter federal\u201d y plante\u00f3 que, en una nueva composici\u00f3n del m\u00e1ximo tribunal, \u201cdeber\u00eda tener paridad de g\u00e9nero\u201d.<br \/>\nTras la reuni\u00f3n de ayer con el presidente Alberto Fern\u00e1ndez y una decena de gobernadores en Casa de Gobierno, Capitanich afirm\u00f3 hoy que el pa\u00eds &#8220;necesita una Corte Suprema federal para construir un pa\u00eds de car\u00e1cter federal\u201d porque \u201csiempre el centro del pa\u00eds ha tenido representaci\u00f3n en la Corte Suprema\u201d, en desmedro del resto de las provincias.<br \/>\nEn declaraciones a Radio 10, el mandatario chaque\u00f1o cuestion\u00f3 el funcionamiento de la justicia al aseverar que \u201cla Corte Suprema esta abarrotada de causas y eso es un gran problema porque rechaza causas sin argumento y justificaci\u00f3n alguna\u201d.<br \/>\nPrevio al inicio de un nuevo encuentro en el Consejo Federal de Inversiones (CFI) que se realizar\u00e1 este mediod\u00eda, el mandatario chaque\u00f1o dio ejemplos de la cantidad de miembros en algunos pa\u00edses de la regi\u00f3n y cont\u00f3 que \u201cChile tiene 21, Colombia 23, Costa Rica 21 y Brasil 11\u201d.<br \/>\nEn el marco de un nuevo aniversario de la primera marcha del \u2018Ni una menos\u2019 en rechazo a la violencia de g\u00e9nero y en favor de los derechos de las mujeres, el mandatario chaque\u00f1o plante\u00f3 que, a la hora de pensar un nueva composici\u00f3n de la Corte, ser\u00eda necesario garantizar que haya &#8220;paridad de g\u00e9nero&#8221;.<br \/>\nEn la actualidad \u201chay una Corte con cuatro miembros varones y, con eso, se quiebra el principio b\u00e1sico de paridad de g\u00e9nero, adem\u00e1s de tener una concepci\u00f3n centralista y no federal\u201d, analiz\u00f3 el gobernador en la entrevista que concedi\u00f3 esta ma\u00f1ana.<br \/>\nPara Capitanich, el proyecto \u201cva m\u00e1s all\u00e1 de una confrontaci\u00f3n pol\u00edtica-partidaria\u201d porque busca \u201cconstruir un sistema judicial, en su m\u00e1xima autoridad que es la Corte, plural, federal, con paridad de g\u00e9nero y promover especialidades en la materia para garantizar una justicia eficiente y que sea superadora de antinomias\u201d.<br \/>\nFuente: T\u00e9lam<\/p>\n","protected":false},"excerpt":{"rendered":"<p>El gobernador de Chaco, Jorge Capitanich, asegur\u00f3 hoy que la Argentina &#8220;necesita una Corte Suprema de Justicia federal para construir un pa\u00eds de car\u00e1cter federal\u201d y plante\u00f3 que, en una nueva composici\u00f3n del m\u00e1ximo tribunal, \u201cdeber\u00eda tener paridad de g\u00e9nero\u201d. Tras la reuni\u00f3n de ayer con el presidente Alberto Fern\u00e1ndez y una decena de gobernadores [&hellip;]<\/p>\n","protected":false},"author":1,"featured_media":15735,"comment_status":"closed","ping_status":"closed","sticky":false,"template":"","format":"standard","meta":{"footnotes":""},"categories":[6],"tags":[],"class_list":{"0":"post-15734","1":"post","2":"type-post","3":"status-publish","4":"format-standard","5":"has-post-thumbnail","7":"category-chaco"},"_links":{"self":[{"href":"https:\/\/chacosintesis.com.ar\/index.php\/wp-json\/wp\/v2\/posts\/15734","targetHints":{"allow":["GET"]}}],"collection":[{"href":"https:\/\/chacosintesis.com.ar\/index.php\/wp-json\/wp\/v2\/posts"}],"about":[{"href":"https:\/\/chacosintesis.com.ar\/index.php\/wp-json\/wp\/v2\/types\/post"}],"author":[{"embeddable":true,"href":"https:\/\/chacosintesis.com.ar\/index.php\/wp-json\/wp\/v2\/users\/1"}],"replies":[{"embeddable":true,"href":"https:\/\/chacosintesis.com.ar\/index.php\/wp-json\/wp\/v2\/comments?post=15734"}],"version-history":[{"count":0,"href":"https:\/\/chacosintesis.com.ar\/index.php\/wp-json\/wp\/v2\/posts\/15734\/revisions"}],"wp:featuredmedia":[{"embeddable":true,"href":"https:\/\/chacosintesis.com.ar\/index.php\/wp-json\/wp\/v2\/media\/15735"}],"wp:attachment":[{"href":"https:\/\/chacosintesis.com.ar\/index.php\/wp-json\/wp\/v2\/media?parent=15734"}],"wp:term":[{"taxonomy":"category","embeddable":true,"href":"https:\/\/chacosintesis.com.ar\/index.php\/wp-json\/wp\/v2\/categories?post=15734"},{"taxonomy":"post_tag","embeddable":true,"href":"https:\/\/chacosintesis.com.ar\/index.php\/wp-json\/wp\/v2\/tags?post=15734"}],"curies":[{"name":"wp","href":"https:\/\/api.w.org\/{rel}","templated":true}]}}