{"id":15706,"date":"2022-06-01T19:53:10","date_gmt":"2022-06-01T22:53:10","guid":{"rendered":"https:\/\/chacosintesis.com.ar\/?p=15706"},"modified":"2022-06-01T20:08:36","modified_gmt":"2022-06-01T23:08:36","slug":"basquet-arranca-la-inscripcion-para-el-campeonato-provincial-de-mayores","status":"publish","type":"post","link":"https:\/\/chacosintesis.com.ar\/index.php\/basquet-arranca-la-inscripcion-para-el-campeonato-provincial-de-mayores\/","title":{"rendered":"B\u00e1squet: arranca la inscripci\u00f3n para el campeonato provincial de mayores"},"content":{"rendered":"<p>En reuni\u00f3n concretada en S\u00e1enz Pe\u00f1a, la Federaci\u00f3n Chaque\u00f1a de B\u00e1squetbol avanz\u00f3 en definiciones relacionadas con la competencia de la presente temporada. Entre ellos se estableci\u00f3 que en los pr\u00f3ximos d\u00edas se lanzar\u00e1 la inscripci\u00f3n para tomar parte en el Campeonato Provincial de Mayores (Pre Federal), que permanecer\u00e1 abierta hasta el 1 de julio. Seg\u00fan estimaciones y manifestaci\u00f3n de inter\u00e9s de los clubes, el Provincial podr\u00eda contar con un muy buen n\u00famero de equipos, y dado los tiempos de competencia establecidos por el calendario CAB, el torneo deber\u00eda tener los preclasificados para la Liga Federal 2023, el 1 de diciembre.<br \/>\nCon este panorama se presentaron posibles fechas para su inicio, que dependiendo de la cantidad de equipos ser\u00eda entre la segunda quincena de julio y primera semana de agosto. En tal sentido se analizaron posibles formatos de definici\u00f3n, que estar\u00e1 supeditado a la cantidad de confirmaciones. En los pr\u00f3ximos d\u00edas se realizar\u00e1 el lanzamiento del certamen y desde ese momento se abrir\u00e1 la inscripci\u00f3n hasta el 1 de julio. Mientras tanto, el 2 de ese mes se realizar\u00e1 la reuni\u00f3n con los clubes inscriptos para terminar de definir los detalles de la competencia.<br \/>\nLa reuni\u00f3n concretada en las instalaciones de la Uncaus fue encabezada por el presidente de la Federaci\u00f3n Chaque\u00f1a, Gustavo Rath, el secretario Luis Stach, los presidentes de la Asociaci\u00f3n Saenzpe\u00f1ense, H\u00e9ctor Wasinger, y de la Asociaci\u00f3n del Sudoeste Chaque\u00f1o, Oscar Tolosa; y en representaci\u00f3n de la Asociaci\u00f3n de Resistencia estuvieron su secretario Juan Manuel Cabrera, el Manager Deportivo Eric Rovner y Franco Ruesta.<br \/>\nTemporada ajustada al calendario de la CAB<br \/>\nUno de los temas abordados tuvo relaci\u00f3n con la problem\u00e1tica del calendario que debe llevar adelante la Federaci\u00f3n en coordinaci\u00f3n con las asociaciones, debido a la gran cantidad de competencia en las distintas categor\u00edas y la necesidad de ajustarlo al calendario enviado por la CAB oportunamente.<br \/>\nDesde Federaci\u00f3n se present\u00f3 el calendario previsto para lo que resta del a\u00f1o en cuanto a las competencias de las categor\u00edas formativas, como as\u00ed tambi\u00e9n al pr\u00f3ximo Torneo Provincial (Pre-Federal) tanto masculino como femenino, los que tendr\u00e1n lugar en la segunda mitad del a\u00f1o.<br \/>\nEn funci\u00f3n del actual problema de calendario, se expuso la propuesta del calendario 2023, que en principio es similar al de la presente temporada pero algo m\u00e1s acotado, estableciendo posibles fechas para su desarrollo. Surgi\u00f3 la propuesta de reformar el formato de competencia de las categor\u00edas formativas, por las complicaciones que se observan en el que se halla ejecutando.<br \/>\nRegistro de jugadores y planilla electr\u00f3nica<br \/>\nOtro de los temas de la reuni\u00f3n fue la necesidad de que los clubes mantengan la informaci\u00f3n actualizada de los jugadores\/as en el sistema SIREDI-CAB para evitar complicaciones o retrasos. La situaci\u00f3n de los pases de algunos jugadores con problemas en el registro del sistema. Tambi\u00e9n se trat\u00f3 la necesidad de la implementaci\u00f3n de la planilla electr\u00f3nica en todas las categor\u00edas a partir del 2023, en tanto se determin\u00f3 que en el Torneo Provincial de este a\u00f1o se implementar\u00e1 la planilla electr\u00f3nica en forma obligatoria, para esto se coordinar\u00e1 una capacitaci\u00f3n para oficiales de mesa para poder llevar el control de la misma.<br \/>\nEscuela de \u00c1rbitros y b\u00e1squet femenino<br \/>\nEn la reuni\u00f3n se puso en conocimiento de las Asociaciones la designaci\u00f3n del ex-\u00e1rbitro nacional H\u00e9ctor Wasinger, actual titular de la Asociaci\u00f3n Saenzpe\u00f1ense, como el Director de la Escuela de \u00c1rbitros del Chaco y presidente de la Comisi\u00f3n T\u00e9cnica de la Federaci\u00f3n Chaque\u00f1a, ante la necesidad de llevar adelante un trabajo coordinado en el \u00e1mbito provincial, tanto a nivel Federativo como Asociativo.<br \/>\nEn cuanto al b\u00e1squet femenino, se acord\u00f3 conformar un grupo de trabajo a nivel provincial, que tendr\u00e1 la tarea de coordinar y organizar una serie de encuentros en categor\u00edas formativas con la intenci\u00f3n poder congregar la mayor cantidad posible de clubes para poner en marcha un campeonato en esta rama.<\/p>\n","protected":false},"excerpt":{"rendered":"<p>En reuni\u00f3n concretada en S\u00e1enz Pe\u00f1a, la Federaci\u00f3n Chaque\u00f1a de B\u00e1squetbol avanz\u00f3 en definiciones relacionadas con la competencia de la presente temporada. Entre ellos se estableci\u00f3 que en los pr\u00f3ximos d\u00edas se lanzar\u00e1 la inscripci\u00f3n para tomar parte en el Campeonato Provincial de Mayores (Pre Federal), que permanecer\u00e1 abierta hasta el 1 de julio. Seg\u00fan [&hellip;]<\/p>\n","protected":false},"author":1,"featured_media":15707,"comment_status":"closed","ping_status":"closed","sticky":false,"template":"","format":"standard","meta":{"footnotes":""},"categories":[6],"tags":[],"class_list":{"0":"post-15706","1":"post","2":"type-post","3":"status-publish","4":"format-standard","5":"has-post-thumbnail","7":"category-chaco"},"_links":{"self":[{"href":"https:\/\/chacosintesis.com.ar\/index.php\/wp-json\/wp\/v2\/posts\/15706","targetHints":{"allow":["GET"]}}],"collection":[{"href":"https:\/\/chacosintesis.com.ar\/index.php\/wp-json\/wp\/v2\/posts"}],"about":[{"href":"https:\/\/chacosintesis.com.ar\/index.php\/wp-json\/wp\/v2\/types\/post"}],"author":[{"embeddable":true,"href":"https:\/\/chacosintesis.com.ar\/index.php\/wp-json\/wp\/v2\/users\/1"}],"replies":[{"embeddable":true,"href":"https:\/\/chacosintesis.com.ar\/index.php\/wp-json\/wp\/v2\/comments?post=15706"}],"version-history":[{"count":0,"href":"https:\/\/chacosintesis.com.ar\/index.php\/wp-json\/wp\/v2\/posts\/15706\/revisions"}],"wp:featuredmedia":[{"embeddable":true,"href":"https:\/\/chacosintesis.com.ar\/index.php\/wp-json\/wp\/v2\/media\/15707"}],"wp:attachment":[{"href":"https:\/\/chacosintesis.com.ar\/index.php\/wp-json\/wp\/v2\/media?parent=15706"}],"wp:term":[{"taxonomy":"category","embeddable":true,"href":"https:\/\/chacosintesis.com.ar\/index.php\/wp-json\/wp\/v2\/categories?post=15706"},{"taxonomy":"post_tag","embeddable":true,"href":"https:\/\/chacosintesis.com.ar\/index.php\/wp-json\/wp\/v2\/tags?post=15706"}],"curies":[{"name":"wp","href":"https:\/\/api.w.org\/{rel}","templated":true}]}}