{"id":15694,"date":"2022-06-01T09:52:57","date_gmt":"2022-06-01T12:52:57","guid":{"rendered":"https:\/\/chacosintesis.com.ar\/?p=15694"},"modified":"2022-06-01T10:07:33","modified_gmt":"2022-06-01T13:07:33","slug":"murio-un-joven-de-26-anos-tras-un-choque-de-frente-entre-un-camion-y-una-camioneta","status":"publish","type":"post","link":"https:\/\/chacosintesis.com.ar\/index.php\/murio-un-joven-de-26-anos-tras-un-choque-de-frente-entre-un-camion-y-una-camioneta\/","title":{"rendered":"Muri\u00f3 un joven de 26 a\u00f1os tras un choque de frente entre un cami\u00f3n y una camioneta"},"content":{"rendered":"<p>Falleci\u00f3 uno de los acompa\u00f1antes del camionero. La pareja que viajaba en la camioneta tambi\u00e9n fue derivada al nosocomio con heridas de distinta consideraci\u00f3n.<br \/>\n Un joven identificado como Walter Barrios de 26 a\u00f1os, oriundo de la ciudad de Tres Isletas, falleci\u00f3 luego de protagonizar un accidente de tr\u00e1nsito este martes en horas de la tarde en la zona rural de Quitilipi, Legua 19, en un camino vecinal.<\/p>\n<p>La Polic\u00eda inform\u00f3 que el siniestro vial se produjo entre una camioneta Ford Ranger y un cami\u00f3n Chevrolet con tres ocupantes. Por razones que a\u00fan se trata de establecer, ambos rodados colisionaron y producto del choque el cami\u00f3n volc\u00f3 con su carga.<br \/>\nEn el veh\u00edculo de mayor porte viajaban una de personas en el habit\u00e1culo del cami\u00f3n junto al conductor y otro hombre que perdi\u00f3 la vida. Su cuerpo fue traslado al Hospital local.<br \/>\n La pareja, oriunda de Villa Berthet, que viajaba en la camioneta tambi\u00e9n fue derivada al nosocomio con heridas de distinta consideraci\u00f3n.<br \/>\n Trabajaron en el lugar Bomberos de la localidad de Quitilipi y S\u00e1enz Pe\u00f1a con m\u00f3vil tanatol\u00f3gico, quienes trasladaron el cuero del occiso a la morgue<br \/>\n El fiscal en turno dispuso que los veh\u00edculos fueran entregados a sus propietarios previa acreditaci\u00f3n de propiedad y dispuso que el cuerpo del fallecido entregado a sus familiares fines p\u00f3stumos.<br \/>\n DIARIO CHACO.-<\/p>\n","protected":false},"excerpt":{"rendered":"<p>Falleci\u00f3 uno de los acompa\u00f1antes del camionero. La pareja que viajaba en la camioneta tambi\u00e9n fue derivada al nosocomio con heridas de distinta consideraci\u00f3n. Un joven identificado como Walter Barrios de 26 a\u00f1os, oriundo de la ciudad de Tres Isletas, falleci\u00f3 luego de protagonizar un accidente de tr\u00e1nsito este martes en horas de la tarde [&hellip;]<\/p>\n","protected":false},"author":1,"featured_media":15695,"comment_status":"closed","ping_status":"closed","sticky":false,"template":"","format":"standard","meta":{"footnotes":""},"categories":[6],"tags":[],"class_list":{"0":"post-15694","1":"post","2":"type-post","3":"status-publish","4":"format-standard","5":"has-post-thumbnail","7":"category-chaco"},"_links":{"self":[{"href":"https:\/\/chacosintesis.com.ar\/index.php\/wp-json\/wp\/v2\/posts\/15694","targetHints":{"allow":["GET"]}}],"collection":[{"href":"https:\/\/chacosintesis.com.ar\/index.php\/wp-json\/wp\/v2\/posts"}],"about":[{"href":"https:\/\/chacosintesis.com.ar\/index.php\/wp-json\/wp\/v2\/types\/post"}],"author":[{"embeddable":true,"href":"https:\/\/chacosintesis.com.ar\/index.php\/wp-json\/wp\/v2\/users\/1"}],"replies":[{"embeddable":true,"href":"https:\/\/chacosintesis.com.ar\/index.php\/wp-json\/wp\/v2\/comments?post=15694"}],"version-history":[{"count":0,"href":"https:\/\/chacosintesis.com.ar\/index.php\/wp-json\/wp\/v2\/posts\/15694\/revisions"}],"wp:featuredmedia":[{"embeddable":true,"href":"https:\/\/chacosintesis.com.ar\/index.php\/wp-json\/wp\/v2\/media\/15695"}],"wp:attachment":[{"href":"https:\/\/chacosintesis.com.ar\/index.php\/wp-json\/wp\/v2\/media?parent=15694"}],"wp:term":[{"taxonomy":"category","embeddable":true,"href":"https:\/\/chacosintesis.com.ar\/index.php\/wp-json\/wp\/v2\/categories?post=15694"},{"taxonomy":"post_tag","embeddable":true,"href":"https:\/\/chacosintesis.com.ar\/index.php\/wp-json\/wp\/v2\/tags?post=15694"}],"curies":[{"name":"wp","href":"https:\/\/api.w.org\/{rel}","templated":true}]}}