{"id":15690,"date":"2022-06-01T09:38:47","date_gmt":"2022-06-01T12:38:47","guid":{"rendered":"https:\/\/chacosintesis.com.ar\/?p=15690"},"modified":"2022-06-01T10:07:32","modified_gmt":"2022-06-01T13:07:32","slug":"los-empleados-publicos-del-chaco-cobraran-sus-aguinaldos-el-14-y-15-de-junio","status":"publish","type":"post","link":"https:\/\/chacosintesis.com.ar\/index.php\/los-empleados-publicos-del-chaco-cobraran-sus-aguinaldos-el-14-y-15-de-junio\/","title":{"rendered":"Los empleados p\u00fablicos del Chaco cobrar\u00e1n sus aguinaldos el 14 y 15 de junio"},"content":{"rendered":"<p>El gobernador Jorge Capitanich anunci\u00f3 este mi\u00e9rcoles que el pago del medio Sueldo Anual Complementario (SAC) y los haberes de junio para trabajadores pasivo y activos de la administraci\u00f3n p\u00fablica provincial. El pago del aguinaldo para la administraci\u00f3n p\u00fablica provincial ser\u00e1n los d\u00edas 14 (pasivos) y 15 (activos) de junio,  para todas terminaciones del Documento Nacional de Identidad y v\u00eda cajero autom\u00e1tico.<br \/>\nEn el contexto de este anuncio Capitanich tambi\u00e9n adelanto que refrigerio de la administraci\u00f3n p\u00fablica ser\u00e1 abonado el 22 de junio. En tanto para el 28 y 29 de junio ser\u00e1n depositados los sueldos del personal de la administraci\u00f3n p\u00fablica provincial.<br \/>\n\u201cEsto implica un esfuerzo significativo por parte del Ejecutivo Provincial cercano a los 20.000 millones de pesos. A su vez esto tiene que ver con un mecanismo de car\u00e1cter excepcional que adopta la Naci\u00f3n en el contexto de su sistema de seguridad social, tanto en lo que se refiere  a las partidas el IFE y el pago a jubilados que posibilitara disponer de recursos cercanos a los 10.000 millones de pesos adicionales \u201d, dijo el gobernador.<br \/>\nEn este sentido a\u00f1adi\u00f3 que la masa de recursos destinadas al mes de junio rondar\u00e1 los 30.000 millones de pesos en distintos conceptos y modalidades de asignaci\u00f3n de recursos.<br \/>\nEl gobernador Capitanich estuvo acompa\u00f1ado en la conferencia de los anuncios salariales y de aguinaldo por el ministro de Planificaci\u00f3n, Econom\u00eda e Infraestructura, Santiago P\u00e9rez Pons. Los anuncios se enmarcan en el proceso de recomposici\u00f3n salarial de la administraci\u00f3n p\u00fablica que impulsa el gobierno provincial.<\/p>\n","protected":false},"excerpt":{"rendered":"<p>El gobernador Jorge Capitanich anunci\u00f3 este mi\u00e9rcoles que el pago del medio Sueldo Anual Complementario (SAC) y los haberes de junio para trabajadores pasivo y activos de la administraci\u00f3n p\u00fablica provincial. El pago del aguinaldo para la administraci\u00f3n p\u00fablica provincial ser\u00e1n los d\u00edas 14 (pasivos) y 15 (activos) de junio, para todas terminaciones del Documento [&hellip;]<\/p>\n","protected":false},"author":1,"featured_media":15691,"comment_status":"closed","ping_status":"closed","sticky":false,"template":"","format":"standard","meta":{"footnotes":""},"categories":[6],"tags":[197],"class_list":{"0":"post-15690","1":"post","2":"type-post","3":"status-publish","4":"format-standard","5":"has-post-thumbnail","7":"category-chaco","8":"tag-destacada"},"_links":{"self":[{"href":"https:\/\/chacosintesis.com.ar\/index.php\/wp-json\/wp\/v2\/posts\/15690","targetHints":{"allow":["GET"]}}],"collection":[{"href":"https:\/\/chacosintesis.com.ar\/index.php\/wp-json\/wp\/v2\/posts"}],"about":[{"href":"https:\/\/chacosintesis.com.ar\/index.php\/wp-json\/wp\/v2\/types\/post"}],"author":[{"embeddable":true,"href":"https:\/\/chacosintesis.com.ar\/index.php\/wp-json\/wp\/v2\/users\/1"}],"replies":[{"embeddable":true,"href":"https:\/\/chacosintesis.com.ar\/index.php\/wp-json\/wp\/v2\/comments?post=15690"}],"version-history":[{"count":0,"href":"https:\/\/chacosintesis.com.ar\/index.php\/wp-json\/wp\/v2\/posts\/15690\/revisions"}],"wp:featuredmedia":[{"embeddable":true,"href":"https:\/\/chacosintesis.com.ar\/index.php\/wp-json\/wp\/v2\/media\/15691"}],"wp:attachment":[{"href":"https:\/\/chacosintesis.com.ar\/index.php\/wp-json\/wp\/v2\/media?parent=15690"}],"wp:term":[{"taxonomy":"category","embeddable":true,"href":"https:\/\/chacosintesis.com.ar\/index.php\/wp-json\/wp\/v2\/categories?post=15690"},{"taxonomy":"post_tag","embeddable":true,"href":"https:\/\/chacosintesis.com.ar\/index.php\/wp-json\/wp\/v2\/tags?post=15690"}],"curies":[{"name":"wp","href":"https:\/\/api.w.org\/{rel}","templated":true}]}}