{"id":15678,"date":"2022-05-31T16:57:30","date_gmt":"2022-05-31T19:57:30","guid":{"rendered":"https:\/\/chacosintesis.com.ar\/?p=15678"},"modified":"2022-05-31T17:08:03","modified_gmt":"2022-05-31T20:08:03","slug":"agenda-digital-si-logramos-esta-transformacion-sera-un-cambio-extraordinario-aseguro-capitanich","status":"publish","type":"post","link":"https:\/\/chacosintesis.com.ar\/index.php\/agenda-digital-si-logramos-esta-transformacion-sera-un-cambio-extraordinario-aseguro-capitanich\/","title":{"rendered":"Agenda digital: \u201cSi logramos esta transformaci\u00f3n ser\u00e1 un cambio extraordinario\u201d, asegur\u00f3 Capitanich"},"content":{"rendered":"<p>El gobernador Jorge Capitanich particip\u00f3 esta ma\u00f1ana de la primera Jornada de Ecosistema Digital de Integrabilidad Federal que tuvo lugar en el Hotel Amerian de Resistencia, a fin de incentivar el uso del sistema, compartir experiencias entre las provincias y Naci\u00f3n, y poner en com\u00fan los avances generados desde las distintas dependencias.<br \/>\nEn ese sentido, el gobernador explic\u00f3 desde su cuenta personal que la participaci\u00f3n del Gobierno Provincial \u201cforma parte de nuestro compromiso por fortalecer la calidad institucional y promover la agenda digital para hacerle la vida m\u00e1s f\u00e1cil a los chaque\u00f1os y chaque\u00f1as\u201d.<br \/>\nEn ese sentido, remarc\u00f3 que la agenda digital \u201cimplica mayor conectividad, m\u00e1s infraestructura tecnol\u00f3gica, despapelizaci\u00f3n plena y descentralizaci\u00f3n para fomentar una mayor participaci\u00f3n ciudadana\u201d. \u201cEsto permite que la gente no haga filas en los centros de salud, en los hospitales, que pueda interactuar con el m\u00e9dico de cabecera, que pueda tener una receta electr\u00f3nica, que podamos tener eficiencia en el sistema sanitario logrando mejor rendimiento y mejor sistema de salud\u201d, mencion\u00f3.<br \/>\nFrente a esto, analiz\u00f3 que \u201csi somos capaces de lograr esta transformaci\u00f3n, ser\u00e1 un cambio extraordinario en la salud, en la justicia, en la educaci\u00f3n, en el desarrollo productivo, en una mejor organizaci\u00f3n y equidad social, en el desaf\u00edo de lograr igualdad de oportunidades para el futuro\u201d.<br \/>\nEl encuentro se desarroll\u00f3 con participaci\u00f3n mixta de las autoridades y la formaci\u00f3n de paneles con autoridades locales, nacionales y de otras provincias con intervenciones intermitentes para el relato de las diferentes experiencias, con un espacio de consulta para el avance conjunto.<\/p>\n","protected":false},"excerpt":{"rendered":"<p>El gobernador Jorge Capitanich particip\u00f3 esta ma\u00f1ana de la primera Jornada de Ecosistema Digital de Integrabilidad Federal que tuvo lugar en el Hotel Amerian de Resistencia, a fin de incentivar el uso del sistema, compartir experiencias entre las provincias y Naci\u00f3n, y poner en com\u00fan los avances generados desde las distintas dependencias. En ese sentido, [&hellip;]<\/p>\n","protected":false},"author":1,"featured_media":15679,"comment_status":"closed","ping_status":"closed","sticky":false,"template":"","format":"standard","meta":{"footnotes":""},"categories":[6],"tags":[],"class_list":{"0":"post-15678","1":"post","2":"type-post","3":"status-publish","4":"format-standard","5":"has-post-thumbnail","7":"category-chaco"},"_links":{"self":[{"href":"https:\/\/chacosintesis.com.ar\/index.php\/wp-json\/wp\/v2\/posts\/15678","targetHints":{"allow":["GET"]}}],"collection":[{"href":"https:\/\/chacosintesis.com.ar\/index.php\/wp-json\/wp\/v2\/posts"}],"about":[{"href":"https:\/\/chacosintesis.com.ar\/index.php\/wp-json\/wp\/v2\/types\/post"}],"author":[{"embeddable":true,"href":"https:\/\/chacosintesis.com.ar\/index.php\/wp-json\/wp\/v2\/users\/1"}],"replies":[{"embeddable":true,"href":"https:\/\/chacosintesis.com.ar\/index.php\/wp-json\/wp\/v2\/comments?post=15678"}],"version-history":[{"count":0,"href":"https:\/\/chacosintesis.com.ar\/index.php\/wp-json\/wp\/v2\/posts\/15678\/revisions"}],"wp:featuredmedia":[{"embeddable":true,"href":"https:\/\/chacosintesis.com.ar\/index.php\/wp-json\/wp\/v2\/media\/15679"}],"wp:attachment":[{"href":"https:\/\/chacosintesis.com.ar\/index.php\/wp-json\/wp\/v2\/media?parent=15678"}],"wp:term":[{"taxonomy":"category","embeddable":true,"href":"https:\/\/chacosintesis.com.ar\/index.php\/wp-json\/wp\/v2\/categories?post=15678"},{"taxonomy":"post_tag","embeddable":true,"href":"https:\/\/chacosintesis.com.ar\/index.php\/wp-json\/wp\/v2\/tags?post=15678"}],"curies":[{"name":"wp","href":"https:\/\/api.w.org\/{rel}","templated":true}]}}